{"id":1860,"date":"2019-01-16T22:07:30","date_gmt":"2019-01-16T21:07:30","guid":{"rendered":"http:\/\/www.arqueroszamora.es\/?p=1860"},"modified":"2019-05-29T20:09:49","modified_gmt":"2019-05-29T19:09:49","slug":"campeonato-territorial-de-menores-junior-y-absoluto","status":"publish","type":"post","link":"http:\/\/www.arqueroszamora.es\/index.php\/2019\/01\/16\/campeonato-territorial-de-menores-junior-y-absoluto\/","title":{"rendered":"CAMPEONATO TERRITORIAL DE MENORES, JUNIOR Y ABSOLUTO"},"content":{"rendered":"<p>Hasta once medallas cosech\u00f3 el <strong>CD ARQUEROS ZAMORA RENY PICOT<\/strong> este fin de semana en tierras leonesas en Campeonato Territorial de Menores, junior y absoluto.<\/p>\n<div id=\"attachment_1866\" style=\"width: 310px\" class=\"wp-caption alignleft\"><a href=\"http:\/\/www.arqueroszamora.es\/wp-content\/uploads\/2019\/01\/arqueros-menores-y-cadetes.jpg\" target=\"_blank\" rel=\"noopener noreferrer\"><img loading=\"lazy\" decoding=\"async\" aria-describedby=\"caption-attachment-1866\" class=\"wp-image-1866 size-medium\" src=\"http:\/\/www.arqueroszamora.es\/wp-content\/uploads\/2019\/01\/arqueros-menores-y-cadetes-300x200.jpg\" alt=\"\" width=\"300\" height=\"200\" srcset=\"http:\/\/www.arqueroszamora.es\/wp-content\/uploads\/2019\/01\/arqueros-menores-y-cadetes-300x200.jpg 300w, http:\/\/www.arqueroszamora.es\/wp-content\/uploads\/2019\/01\/arqueros-menores-y-cadetes-768x512.jpg 768w, http:\/\/www.arqueroszamora.es\/wp-content\/uploads\/2019\/01\/arqueros-menores-y-cadetes-1024x682.jpg 1024w, http:\/\/www.arqueroszamora.es\/wp-content\/uploads\/2019\/01\/arqueros-menores-y-cadetes.jpg 1600w\" sizes=\"auto, (max-width: 300px) 100vw, 300px\" \/><\/a><p id=\"caption-attachment-1866\" class=\"wp-caption-text\">Arqueros menores y cadetes con sus entrenadores<\/p><\/div>\n<p>Hasta Le\u00f3n desplaz\u00f3 el club zamorano a 22 deportistas entre menores y adultos y desde luego no defraud\u00f3 a nadie. Todo lo contrario. El aluvi\u00f3n de metales es de consideraci\u00f3n.<\/p>\n<p>El s\u00e1bado tiraron los menores y cadetes y el domingo los junior y senior. Entre los junior estuvieron los <strong>Raquel Gonz\u00e1lez<\/strong> y J<strong>orge \u00c1lvarez<\/strong> que ya hab\u00edan tirado el s\u00e1bado pero a instancias de su entrenador compitieron tambi\u00e9n como junior. Y lo hicieron fenomenal.<\/p>\n<p>Cuatro preseas de oro en arco recurvo para los arqueros: <strong>Elvira Fern\u00e1ndez<\/strong>,<strong> Enma Piedra<\/strong>, <strong>Laura Merayo<\/strong> y <strong>Henar Quintano.<\/strong><\/p>\n<div id=\"attachment_1867\" style=\"width: 310px\" class=\"wp-caption alignleft\"><a href=\"http:\/\/www.arqueroszamora.es\/wp-content\/uploads\/2019\/01\/medallistas-menores-y-cadetes.jpg\"><img loading=\"lazy\" decoding=\"async\" aria-describedby=\"caption-attachment-1867\" class=\"wp-image-1867 size-medium\" src=\"http:\/\/www.arqueroszamora.es\/wp-content\/uploads\/2019\/01\/medallistas-menores-y-cadetes-300x225.jpg\" alt=\"\" width=\"300\" height=\"225\" srcset=\"http:\/\/www.arqueroszamora.es\/wp-content\/uploads\/2019\/01\/medallistas-menores-y-cadetes-300x225.jpg 300w, http:\/\/www.arqueroszamora.es\/wp-content\/uploads\/2019\/01\/medallistas-menores-y-cadetes-768x576.jpg 768w, http:\/\/www.arqueroszamora.es\/wp-content\/uploads\/2019\/01\/medallistas-menores-y-cadetes-1024x768.jpg 1024w, http:\/\/www.arqueroszamora.es\/wp-content\/uploads\/2019\/01\/medallistas-menores-y-cadetes.jpg 1599w\" sizes=\"auto, (max-width: 300px) 100vw, 300px\" \/><\/a><p id=\"caption-attachment-1867\" class=\"wp-caption-text\">Medallistas menores y cadetes<\/p><\/div>\n<p><strong> Elvira Fern\u00e1ndez<\/strong>, benjam\u00edn que se estrenaba en competici\u00f3n. Otra para la alev\u00edn <strong>Enma Piedra<\/strong> que a pesar de su corta edad ya es una veterana en las competiciones. <strong>Laura Merayo<\/strong>, que estrenaba categor\u00eda, junior, lo hizo a lo grande con marca personal incluida 557 puntos de 600 posibles y que adem\u00e1s ya tiene alcanzado el objetivo marcado para la temporada de sala y que hab\u00eda sido fijado en 555, por lo que tiene asegurada su plaza en el Centro de Perfeccionamiento Deportivo de La Junta de Castilla y Le\u00f3n para la temporada 2019\/2020. Enorme el campeonato el realizado por Laura desde el comienzo hasta el fin. No menos importancia y calidad tuvo el conseguido por <strong>Henar Quintano<\/strong> en categor\u00eda senior. Tambi\u00e9n hizo un gran campeonato y no dio opciones a las rivales ni en las tandas clasificatorias ni en las eliminatorias.<\/p>\n<p>Dos fueron las platas alcanzadas: <strong>Mario Mart\u00edn<\/strong> y <strong>Raquel Gonz\u00e1lez<\/strong>.<\/p>\n<p>El infantil <strong>Mario Mart\u00edn<\/strong> con arco compuesto, que aunque lo intent\u00f3 hasta el final no pudo con el berciano H\u00e9ctor Gonz\u00e1lez obtuvo una merecida medalla de plata. La otra fue para la c<\/p>\n<div id=\"attachment_1865\" style=\"width: 310px\" class=\"wp-caption alignright\"><a href=\"http:\/\/www.arqueroszamora.es\/wp-content\/uploads\/2019\/01\/arqueros-junior-y-senior-1.jpg\"><img loading=\"lazy\" decoding=\"async\" aria-describedby=\"caption-attachment-1865\" class=\"wp-image-1865 size-medium\" src=\"http:\/\/www.arqueroszamora.es\/wp-content\/uploads\/2019\/01\/arqueros-junior-y-senior-1-300x225.jpg\" alt=\"\" width=\"300\" height=\"225\" srcset=\"http:\/\/www.arqueroszamora.es\/wp-content\/uploads\/2019\/01\/arqueros-junior-y-senior-1-300x225.jpg 300w, http:\/\/www.arqueroszamora.es\/wp-content\/uploads\/2019\/01\/arqueros-junior-y-senior-1-768x576.jpg 768w, http:\/\/www.arqueroszamora.es\/wp-content\/uploads\/2019\/01\/arqueros-junior-y-senior-1.jpg 1024w\" sizes=\"auto, (max-width: 300px) 100vw, 300px\" \/><\/a><p id=\"caption-attachment-1865\" class=\"wp-caption-text\">Arqueros junio y senior<\/p><\/div>\n<p>adete <strong>Raquel Gonz\u00e1lez<\/strong> que despu\u00e9s de hacer un buen round clasificatorio fue eliminando rivales hasta plantarse en la final; final que perdi\u00f3 por una flecha mal gestionada y que le dio una ventaja insalvable a su rival salmantina. No obstante <strong>Raquel<\/strong> puede estar orgullosa de su medalla porque no era f\u00e1cil acceder a ellas.<\/p>\n<p>Los bronces fueron para: Aar\u00f3n Muz\u00f1oz<\/p>\n<p>el Alev\u00edn <strong>Aar\u00f3n Mu\u00f1oz<\/strong>, otro \u201cveterano\u201d de las competiciones que se est\u00e1 acostumbrando a subir al caj\u00f3n dada la ostensible mejor\u00eda en su t\u00e9cnica. Otro bronce se lo llev\u00f3 como junior <strong>Raquel Gonz\u00e1lez<\/strong> volviendo a demostrar que su buen hacer el d\u00eda anterior no fue casualidad. Por s<a href=\"http:\/\/www.arqueroszamora.es\/wp-content\/uploads\/2019\/01\/medallistas-junior-y-senior.jpg\"><img loading=\"lazy\" decoding=\"async\" class=\"size-medium wp-image-1868 alignleft\" src=\"http:\/\/www.arqueroszamora.es\/wp-content\/uploads\/2019\/01\/medallistas-junior-y-senior-225x300.jpg\" alt=\"\" width=\"225\" height=\"300\" srcset=\"http:\/\/www.arqueroszamora.es\/wp-content\/uploads\/2019\/01\/medallistas-junior-y-senior-225x300.jpg 225w, http:\/\/www.arqueroszamora.es\/wp-content\/uploads\/2019\/01\/medallistas-junior-y-senior.jpg 768w\" sizes=\"auto, (max-width: 225px) 100vw, 225px\" \/><\/a>u parte <strong>Jorge \u00c1lvarez<\/strong>, tambi\u00e9n como junior, lo hizo mejor que el d\u00eda anterior ante rivales de m\u00e1s entidad y se llev\u00f3 premio con un fenomenal bronce. <strong>Beatriz Mart\u00edn<\/strong>, casi una novata pues no lleva un a\u00f1o en este deporte, se colgaba el bronce en f\u00e9minas senior. Otro tanto hac\u00eda <strong>Ramiro Portales<\/strong> en senior masculino al ganar el bronce.<\/p>\n<p>Adem\u00e1s de los metales hubo cuatro diplomas al cuarto puesto que se levaron la infantil <strong>Olivia Lorenzo<\/strong> que a pesar de estrenar categor\u00eda infantil no se arredr\u00f3 y planto dura batalla a su oponente; el cadete <strong>Iv\u00e1n D\u00edez<\/strong>, que cada d\u00eda muestra m\u00e1s solvencia y seguridad en sus disparos. <strong>Mati Pe\u00f1a<\/strong> y <strong>Manuel Artime<\/strong> como senior que demostraron estar entre los mejores.<\/p>\n<p>En definitiva, fueron dos jornadas redondas para este deporte zamorano que nunca defrauda. La posici\u00f3n final en el medallero fue segundo por detr\u00e1s del CD La Flecha, de Salamanca.<\/p>\n<p>Ahora a esperar que en el campeonato de Espa\u00f1a Cadete y Junior, en febrero, refrenden el buen momento que tienen nuestros j\u00f3venes arqueros.<\/p>\n","protected":false},"excerpt":{"rendered":"<p>Hasta once medallas cosech\u00f3 el CD ARQUEROS ZAMORA RENY PICOT este fin de semana en tierras leonesas en Campeonato Territorial de Menores, junior y absoluto. Hasta Le\u00f3n desplaz\u00f3 el club zamorano a 22 deportistas entre menores y adultos y desde luego no defraud\u00f3 a nadie. Todo lo contrario. El aluvi\u00f3n de metales es de consideraci\u00f3n.\u2026 <span class=\"read-more\"><a href=\"http:\/\/www.arqueroszamora.es\/index.php\/2019\/01\/16\/campeonato-territorial-de-menores-junior-y-absoluto\/\">Leer m\u00e1s &raquo;<\/a><\/span><\/p>\n","protected":false},"author":5,"featured_media":1865,"comment_status":"closed","ping_status":"closed","sticky":false,"template":"","format":"standard","meta":{"footnotes":""},"categories":[4,7],"tags":[],"class_list":["post-1860","post","type-post","status-publish","format-standard","has-post-thumbnail","hentry","category-competiciones","category-noticias"],"_links":{"self":[{"href":"http:\/\/www.arqueroszamora.es\/index.php\/wp-json\/wp\/v2\/posts\/1860","targetHints":{"allow":["GET"]}}],"collection":[{"href":"http:\/\/www.arqueroszamora.es\/index.php\/wp-json\/wp\/v2\/posts"}],"about":[{"href":"http:\/\/www.arqueroszamora.es\/index.php\/wp-json\/wp\/v2\/types\/post"}],"author":[{"embeddable":true,"href":"http:\/\/www.arqueroszamora.es\/index.php\/wp-json\/wp\/v2\/users\/5"}],"replies":[{"embeddable":true,"href":"http:\/\/www.arqueroszamora.es\/index.php\/wp-json\/wp\/v2\/comments?post=1860"}],"version-history":[{"count":0,"href":"http:\/\/www.arqueroszamora.es\/index.php\/wp-json\/wp\/v2\/posts\/1860\/revisions"}],"wp:featuredmedia":[{"embeddable":true,"href":"http:\/\/www.arqueroszamora.es\/index.php\/wp-json\/wp\/v2\/media\/1865"}],"wp:attachment":[{"href":"http:\/\/www.arqueroszamora.es\/index.php\/wp-json\/wp\/v2\/media?parent=1860"}],"wp:term":[{"taxonomy":"category","embeddable":true,"href":"http:\/\/www.arqueroszamora.es\/index.php\/wp-json\/wp\/v2\/categories?post=1860"},{"taxonomy":"post_tag","embeddable":true,"href":"http:\/\/www.arqueroszamora.es\/index.php\/wp-json\/wp\/v2\/tags?post=1860"}],"curies":[{"name":"wp","href":"https:\/\/api.w.org\/{rel}","templated":true}]}}