{"id":1871,"date":"2019-02-13T23:07:23","date_gmt":"2019-02-13T22:07:23","guid":{"rendered":"http:\/\/www.arqueroszamora.es\/?p=1871"},"modified":"2019-05-29T20:09:55","modified_gmt":"2019-05-29T19:09:55","slug":"1871-2","status":"publish","type":"post","link":"http:\/\/www.arqueroszamora.es\/index.php\/2019\/02\/13\/1871-2\/","title":{"rendered":"CAMPEONATO DE ESPA\u00d1A DE TIRO CON ARCO"},"content":{"rendered":"<p>A lo largo del fin de semana se celebr\u00f3 en Benalm\u00e1dena el Campeonato de Espa\u00f1a Junior y Cadete en Sala.<\/p>\n<p>El C.D Arqueros Zamora present\u00f3 a tres arqueros: Laura Merayo Neira como junior, y Raquel Gonz\u00e1lez Garrido y Jorge \u00c1lvarez Rodr\u00edguez como cadetes. Los tres compitieron con arco recurvo.<\/p>\n<p>Hubo una alta calidad y cantidad de participantes en las dos categor\u00edas pasando de los 200 arqueros en liza.<\/p>\n<div id=\"attachment_1872\" style=\"width: 310px\" class=\"wp-caption alignleft\"><a href=\"http:\/\/www.arqueroszamora.es\/wp-content\/uploads\/2019\/02\/IMG_4054_2.jpg\" target=\"_blank\" rel=\"noopener noreferrer\"><img loading=\"lazy\" decoding=\"async\" aria-describedby=\"caption-attachment-1872\" class=\"wp-image-1872 size-medium\" src=\"http:\/\/www.arqueroszamora.es\/wp-content\/uploads\/2019\/02\/IMG_4054_2-300x200.jpg\" alt=\"\" width=\"300\" height=\"200\" srcset=\"http:\/\/www.arqueroszamora.es\/wp-content\/uploads\/2019\/02\/IMG_4054_2-300x200.jpg 300w, http:\/\/www.arqueroszamora.es\/wp-content\/uploads\/2019\/02\/IMG_4054_2-768x512.jpg 768w, http:\/\/www.arqueroszamora.es\/wp-content\/uploads\/2019\/02\/IMG_4054_2.jpg 1023w\" sizes=\"auto, (max-width: 300px) 100vw, 300px\" \/><\/a><p id=\"caption-attachment-1872\" class=\"wp-caption-text\">Daniel &#8211; Raquel &#8211; Jorge &#8211; Laura &#8211; Mati<\/p><\/div>\n<p>El viernes comenzaba su andadura Laura que acud\u00eda en un buen momento de forma y se esperaba que pudiera estar entre las 10 primeras de Espa\u00f1a. Lanz\u00f3 60 flechas clasificatorias a 18 metros sobre diana triple vertical de 20 cm. de di\u00e1metro y, aunque no lleg\u00f3 a su mejor marca conseguida hace tres semanas en Le\u00f3n en el campeonato territorial, s\u00ed que consigui\u00f3 una gran marca de 540 puntos con mucha regularidad en sus lanzamientos que le llevaron a la 9\u00aa posici\u00f3n de cara a las eliminatorias.<\/p>\n<p>La primera de las eliminatorias la gan\u00f3 c\u00f3modamente con un 7-1. La segunda tampoco le supuso grandes problemas y con un 7-3 pasaba a cuartos en los que caer\u00eda frente a la catalana Mar\u00eda Pitarch que no le dio opciones. A pesar de que Laura hizo lanzamientos de 27,27 y 29 puntos en cada set no consigui\u00f3 ara\u00f1arle ni un punto. A la postre la catalana ser\u00eda subcampeona. Laura acabar\u00eda con un muy buen quinto puesto final mejorando claramente su actuaci\u00f3n en el 2018 lo que le da lustre a su curr\u00edculo personal.<\/p>\n<div id=\"attachment_1873\" style=\"width: 310px\" class=\"wp-caption alignright\"><a href=\"http:\/\/www.arqueroszamora.es\/wp-content\/uploads\/2019\/02\/Raquel-Jorge-y-Laura.jpg\" target=\"_blank\" rel=\"noopener noreferrer\"><img loading=\"lazy\" decoding=\"async\" aria-describedby=\"caption-attachment-1873\" class=\"wp-image-1873 size-medium\" src=\"http:\/\/www.arqueroszamora.es\/wp-content\/uploads\/2019\/02\/Raquel-Jorge-y-Laura-300x200.jpg\" alt=\"\" width=\"300\" height=\"200\" srcset=\"http:\/\/www.arqueroszamora.es\/wp-content\/uploads\/2019\/02\/Raquel-Jorge-y-Laura-300x200.jpg 300w, http:\/\/www.arqueroszamora.es\/wp-content\/uploads\/2019\/02\/Raquel-Jorge-y-Laura-768x512.jpg 768w, http:\/\/www.arqueroszamora.es\/wp-content\/uploads\/2019\/02\/Raquel-Jorge-y-Laura.jpg 1024w\" sizes=\"auto, (max-width: 300px) 100vw, 300px\" \/><\/a><p id=\"caption-attachment-1873\" class=\"wp-caption-text\">Raquel, Jorge y Laura<\/p><\/div>\n<p>El s\u00e1bado fue el turno de los cadetes. Hab\u00edan hecho buenos entrenos y hab\u00eda esperanzas de alcanzar su marca personal. Sin embargo los dos se exigieron en exceso y esto les atenaz\u00f3 de forma que cuando quisieron lanzar de forma m\u00e1s relajada ya era tarde y ninguno de los dos alcanz\u00f3 la marca m\u00ednima para entrar en las eliminatorias y ah\u00ed acab\u00f3 su periplo en este campeonato.<\/p>\n<p>Gran decepci\u00f3n para los dos j\u00f3venes arqueros que no entraba en sus c\u00e1lculos quedar fuera de competici\u00f3n sin haber disputado alguna eliminatoria.<\/p>\n<p>Con este campeonato acaba de forma oficial la temporada de sala a nivel nacional. A partir de ahora empezar\u00e1n a preparar la temporada de aire libre.<\/p>\n","protected":false},"excerpt":{"rendered":"<p>A lo largo del fin de semana se celebr\u00f3 en Benalm\u00e1dena el Campeonato de Espa\u00f1a Junior y Cadete en Sala. El C.D Arqueros Zamora present\u00f3 a tres arqueros: Laura Merayo Neira como junior, y Raquel Gonz\u00e1lez Garrido y Jorge \u00c1lvarez Rodr\u00edguez como cadetes. Los tres compitieron con arco recurvo. Hubo una alta calidad y cantidad\u2026 <span class=\"read-more\"><a href=\"http:\/\/www.arqueroszamora.es\/index.php\/2019\/02\/13\/1871-2\/\">Leer m\u00e1s &raquo;<\/a><\/span><\/p>\n","protected":false},"author":5,"featured_media":1873,"comment_status":"closed","ping_status":"closed","sticky":false,"template":"","format":"standard","meta":{"footnotes":""},"categories":[7],"tags":[],"class_list":["post-1871","post","type-post","status-publish","format-standard","has-post-thumbnail","hentry","category-noticias"],"_links":{"self":[{"href":"http:\/\/www.arqueroszamora.es\/index.php\/wp-json\/wp\/v2\/posts\/1871","targetHints":{"allow":["GET"]}}],"collection":[{"href":"http:\/\/www.arqueroszamora.es\/index.php\/wp-json\/wp\/v2\/posts"}],"about":[{"href":"http:\/\/www.arqueroszamora.es\/index.php\/wp-json\/wp\/v2\/types\/post"}],"author":[{"embeddable":true,"href":"http:\/\/www.arqueroszamora.es\/index.php\/wp-json\/wp\/v2\/users\/5"}],"replies":[{"embeddable":true,"href":"http:\/\/www.arqueroszamora.es\/index.php\/wp-json\/wp\/v2\/comments?post=1871"}],"version-history":[{"count":0,"href":"http:\/\/www.arqueroszamora.es\/index.php\/wp-json\/wp\/v2\/posts\/1871\/revisions"}],"wp:featuredmedia":[{"embeddable":true,"href":"http:\/\/www.arqueroszamora.es\/index.php\/wp-json\/wp\/v2\/media\/1873"}],"wp:attachment":[{"href":"http:\/\/www.arqueroszamora.es\/index.php\/wp-json\/wp\/v2\/media?parent=1871"}],"wp:term":[{"taxonomy":"category","embeddable":true,"href":"http:\/\/www.arqueroszamora.es\/index.php\/wp-json\/wp\/v2\/categories?post=1871"},{"taxonomy":"post_tag","embeddable":true,"href":"http:\/\/www.arqueroszamora.es\/index.php\/wp-json\/wp\/v2\/tags?post=1871"}],"curies":[{"name":"wp","href":"https:\/\/api.w.org\/{rel}","templated":true}]}}