{"id":1875,"date":"2019-02-20T17:13:42","date_gmt":"2019-02-20T16:13:42","guid":{"rendered":"http:\/\/www.arqueroszamora.es\/?p=1875"},"modified":"2019-05-29T20:10:00","modified_gmt":"2019-05-29T19:10:00","slug":"campeonato-provincial-sala-2019","status":"publish","type":"post","link":"http:\/\/www.arqueroszamora.es\/index.php\/2019\/02\/20\/campeonato-provincial-sala-2019\/","title":{"rendered":"CAMPEONATO PROVINCIAL SALA 2019"},"content":{"rendered":"\r\n<div class=\"wp-block-image\">\r\n<figure class=\"alignleft\"><img loading=\"lazy\" decoding=\"async\" width=\"204\" height=\"205\" class=\"wp-image-720\" src=\"http:\/\/www.arqueroszamora.es\/wp-content\/uploads\/2013\/05\/DelegacionZamora.png\" alt=\"\" srcset=\"http:\/\/www.arqueroszamora.es\/wp-content\/uploads\/2013\/05\/DelegacionZamora.png 204w, http:\/\/www.arqueroszamora.es\/wp-content\/uploads\/2013\/05\/DelegacionZamora-150x150.png 150w\" sizes=\"auto, (max-width: 204px) 100vw, 204px\" \/><\/figure>\r\n<\/div>\r\n\r\n\r\n\r\n<p><strong>ORGANIZA<\/strong>: C.D. ARQUEROS ZAMORA.<br \/><strong>D\u00cdA<\/strong>: 9 y 10 de Marzo de 2019<br \/><strong>LUGAR<\/strong>: SALA DE ENTRENAMIENTO DE LA CIUDAD DEPORTIVA.<br \/><strong>MODALIDADES<\/strong>: ARCO OL\u00cdMPICO y COMPUESTO.<br \/><strong>CATEGOR\u00cdAS<\/strong>: EDADES Y SENIOR.<br \/>DIVISIONES: MASCULINA Y FEMENINA.<\/p>\r\n\r\n\r\n\r\n<p>&nbsp;<\/p>\r\n\r\n\r\n\r\n<p><strong>INSCRIPCIONES<\/strong>: Hasta el d\u00eda 2 de marzo de 2019 a las 24h. en la siguiente direcci\u00f3n:administracionweb@arqueroszamora.es<br \/>indicando: <strong>NOMBRE, APELLIDOS, FECHA NACIMIENTO, N\u00ba LICENCIA, MODALIDAD, CATEGOR\u00cdA Y CLUB<\/strong>.<br \/>La inscripci\u00f3n ser\u00e1 gratuita.<br \/><strong>PREMIOS<\/strong>: Tendr\u00e1n trofeo los tres primeros clasificados de cada modalidad y divisi\u00f3n.<\/p>\r\n\r\n\r\n\r\n<p class=\"has-text-color has-vivid-cyan-blue-color\" style=\"text-align: left;\">Como siempre, es importante <strong>leer la convocatoria,<\/strong> la cual se puede descargar en el siguiente enlace, prestando especial atenci\u00f3n a la segunda hoja, relativa a la <strong>protecci\u00f3n de datos<\/strong>.<\/p>\r\n\r\n\r\n\r\n<p style=\"text-align: center;\"><a href=\"http:\/\/www.arqueroszamora.es\/wp-content\/uploads\/2019\/02\/Convocatoria-PROVINCIAL-SALA-2019.pdf\">CONVOCATORIA<\/a><\/p>\r\n\r\n\r\n\r\n<p>&nbsp;<\/p>\r\n","protected":false},"excerpt":{"rendered":"<p>ORGANIZA: C.D. ARQUEROS ZAMORA.D\u00cdA: 9 y 10 de Marzo de 2019LUGAR: SALA DE ENTRENAMIENTO DE LA CIUDAD DEPORTIVA.MODALIDADES: ARCO OL\u00cdMPICO y COMPUESTO.CATEGOR\u00cdAS: EDADES Y SENIOR.DIVISIONES: MASCULINA Y FEMENINA. &nbsp; INSCRIPCIONES: Hasta el d\u00eda 2 de marzo de 2019 a las 24h. en la siguiente direcci\u00f3n:administracionweb@arqueroszamora.esindicando: NOMBRE, APELLIDOS, FECHA NACIMIENTO, N\u00ba LICENCIA, MODALIDAD, CATEGOR\u00cdA Y CLUB.La\u2026 <span class=\"read-more\"><a href=\"http:\/\/www.arqueroszamora.es\/index.php\/2019\/02\/20\/campeonato-provincial-sala-2019\/\">Leer m\u00e1s &raquo;<\/a><\/span><\/p>\n","protected":false},"author":5,"featured_media":720,"comment_status":"closed","ping_status":"closed","sticky":false,"template":"","format":"standard","meta":{"footnotes":""},"categories":[7],"tags":[],"class_list":["post-1875","post","type-post","status-publish","format-standard","has-post-thumbnail","hentry","category-noticias"],"_links":{"self":[{"href":"http:\/\/www.arqueroszamora.es\/index.php\/wp-json\/wp\/v2\/posts\/1875","targetHints":{"allow":["GET"]}}],"collection":[{"href":"http:\/\/www.arqueroszamora.es\/index.php\/wp-json\/wp\/v2\/posts"}],"about":[{"href":"http:\/\/www.arqueroszamora.es\/index.php\/wp-json\/wp\/v2\/types\/post"}],"author":[{"embeddable":true,"href":"http:\/\/www.arqueroszamora.es\/index.php\/wp-json\/wp\/v2\/users\/5"}],"replies":[{"embeddable":true,"href":"http:\/\/www.arqueroszamora.es\/index.php\/wp-json\/wp\/v2\/comments?post=1875"}],"version-history":[{"count":0,"href":"http:\/\/www.arqueroszamora.es\/index.php\/wp-json\/wp\/v2\/posts\/1875\/revisions"}],"wp:featuredmedia":[{"embeddable":true,"href":"http:\/\/www.arqueroszamora.es\/index.php\/wp-json\/wp\/v2\/media\/720"}],"wp:attachment":[{"href":"http:\/\/www.arqueroszamora.es\/index.php\/wp-json\/wp\/v2\/media?parent=1875"}],"wp:term":[{"taxonomy":"category","embeddable":true,"href":"http:\/\/www.arqueroszamora.es\/index.php\/wp-json\/wp\/v2\/categories?post=1875"},{"taxonomy":"post_tag","embeddable":true,"href":"http:\/\/www.arqueroszamora.es\/index.php\/wp-json\/wp\/v2\/tags?post=1875"}],"curies":[{"name":"wp","href":"https:\/\/api.w.org\/{rel}","templated":true}]}}