{"id":1878,"date":"2019-03-26T20:01:39","date_gmt":"2019-03-26T19:01:39","guid":{"rendered":"http:\/\/www.arqueroszamora.es\/?p=1878"},"modified":"2019-05-29T20:10:07","modified_gmt":"2019-05-29T19:10:07","slug":"segunda-jornada-de-la-liga-territorial-de-menores","status":"publish","type":"post","link":"http:\/\/www.arqueroszamora.es\/index.php\/2019\/03\/26\/segunda-jornada-de-la-liga-territorial-de-menores\/","title":{"rendered":"SEGUNDA JORNADA DE LA LIGA TERRITORIAL DE MENORES"},"content":{"rendered":"\r\n<p>El domingo se celebr\u00f3 la segunda jornada de Liga Territorial de Menores y Cadetes de tiro con arco. <br \/>Organiz\u00f3 la competici\u00f3n el C.D. Arqueros Zamora Reny Picot en el pabell\u00f3n azul de la ciudad Deportiva de Zamora. Asistieron un total de 61 ni\u00f1os entre los que estaban los 20 que present\u00f3 el club zamorano y que se distribuyeron entre la categor\u00eda prebenjam\u00edn y la cadete con arco recurvo y compuesto. Tres arqueros zamoranos debutaron en competici\u00f3n: <strong>Aar\u00f3n Saludes<\/strong>, prebenjam\u00edn; <strong>Pablo G\u00f3mez<\/strong>, benjam\u00edn y <strong>Pablo Flechoso<\/strong>, infantil. Los tres lo hicieron muy bien a pesar de su corta edad.<\/p>\r\n\r\n\r\n\r\n<div class=\"wp-block-image\">\r\n<figure class=\"alignleft is-resized\"><img loading=\"lazy\" decoding=\"async\" class=\"wp-image-1879\" src=\"http:\/\/www.arqueroszamora.es\/wp-content\/uploads\/2019\/03\/panor\u00e1mica-1024x683.jpg\" alt=\"\" width=\"358\" height=\"238\" srcset=\"http:\/\/www.arqueroszamora.es\/wp-content\/uploads\/2019\/03\/panor\u00e1mica-1024x683.jpg 1024w, http:\/\/www.arqueroszamora.es\/wp-content\/uploads\/2019\/03\/panor\u00e1mica-300x200.jpg 300w, http:\/\/www.arqueroszamora.es\/wp-content\/uploads\/2019\/03\/panor\u00e1mica-768x512.jpg 768w\" sizes=\"auto, (max-width: 358px) 100vw, 358px\" \/><\/figure>\r\n<\/div>\r\n\r\n\r\n\r\n<p>Los alevines y benjamines cumplieron los objetivos propuestos por sus entrenadores y tanto <strong>Aar\u00f3n Mu\u00f1oz<\/strong>, como <strong>Enma Piedra<\/strong>, <strong>Carlos Fern\u00e1ndez,<\/strong>M<strong>ill\u00e1n \u00c1lvarez <\/strong> y <strong>Rodrigo Crist\u00f3bal<\/strong> los consiguieron ampliamente.<br \/>Buena jornada para los zamoranos que situaron al club zamorano en el primer lugar del medallero provisional.<\/p>\r\n\r\n\r\n\r\n<p><strong>Mario Mart\u00edn<\/strong> con arco compuesto mejoraba su marca personal y alcanzaba la segunda posici\u00f3n.<br \/><strong>Kev\u00edn Gonz\u00e1lez<\/strong> y <strong>Jos\u00e9 Dom\u00ednguez<\/strong> llegaron a esta competici\u00f3n cadete con el objetivo de conocer la competici\u00f3n y trabajar objetivos de realizaci\u00f3n y no de consecuci\u00f3n; y ambos lo consiguieron.<br \/>En infantiles, <strong>Josu\u00e9 Fern\u00e1ndez<\/strong>, haciendo gala de su gran mejor\u00eda t\u00e9cnica, alcanzaba el tercer puesto. En chicas infantiles, <strong>Isabel Crist\u00f3bal<\/strong> que se midi\u00f3 a la actual campeona de Espa\u00f1a infantil y a punto estuvo de ganarla en la eliminatoria para entrar en la lucha por el primer y segundo puesto. No pudo ser y en la pelea por el tercer y cuarto se hubo de conformar con el cuarto puesto .Detr\u00e1s de ella quedaron sus compa\u00f1eras <strong>Oliva Lorenzo<\/strong>, <strong>Elisa Fern\u00e1ndez<\/strong> y <strong>Luc\u00eda Barroso<\/strong>.<\/p>\r\n\r\n\r\n\r\n<div class=\"wp-block-image\">\r\n<figure class=\"alignright is-resized\"><img loading=\"lazy\" decoding=\"async\" class=\"wp-image-1880\" src=\"http:\/\/www.arqueroszamora.es\/wp-content\/uploads\/2019\/03\/los-t\u00e9cnicos-no-perdieron-ojo-1024x683.jpg\" alt=\"\" width=\"323\" height=\"215\" srcset=\"http:\/\/www.arqueroszamora.es\/wp-content\/uploads\/2019\/03\/los-t\u00e9cnicos-no-perdieron-ojo-1024x683.jpg 1024w, http:\/\/www.arqueroszamora.es\/wp-content\/uploads\/2019\/03\/los-t\u00e9cnicos-no-perdieron-ojo-300x200.jpg 300w, http:\/\/www.arqueroszamora.es\/wp-content\/uploads\/2019\/03\/los-t\u00e9cnicos-no-perdieron-ojo-768x512.jpg 768w\" sizes=\"auto, (max-width: 323px) 100vw, 323px\" \/><\/figure>\r\n<\/div>\r\n\r\n\r\n\r\n<p>El formato de esta competici\u00f3n son cuatro tiradas en total a lo largo del inverno y primavera. Dos ellas coinciden con los campeonatos territoriales de sala y aire libre. De las otras dos una es de sala ( la celebrada el domingo) y la otra es al aire libre, que ser\u00e1 el 28 de abril en \u00c1vila.<br \/>En cuanto al resultado, no fue mal para los zamoranos. <strong>Raquel Gonz\u00e1lez<\/strong>, cadete, acababa primera las series clasificatorias y despu\u00e9s de las eliminatorias tambi\u00e9n terminar\u00eda primera, lo que la sit\u00faa eventualmente en primera posici\u00f3n. Su compa\u00f1ero <strong>Jorge \u00c1lvarez<\/strong>, cadete tambi\u00e9n, mejor\u00f3 ostensiblemente el rendimiento del pasado enero en Le\u00f3n y mejorando su propia marca personal, lograba situarse en la tercera posici\u00f3n final, seguido de <strong>Iv\u00e1n Diez<\/strong>, tambi\u00e9n del club capitalino.<\/p>\r\n\r\n\r\n\r\n<p>Paralelamente a esta competici\u00f3n se celebr\u00f3 en Burgos el campeonato de veteranos al que acudieron <strong>Manuel Artime<\/strong> y <strong>Jos\u00e9 Manuel Quintano<\/strong> con arco recurvo y <strong>Benjam\u00edn Rodr\u00edguez <\/strong>con arco tradicional. Nuevo \u00e9xito de los nuestros: <strong>Artime<\/strong> revalidaba su t\u00edtulo del a\u00f1o anterior. <strong>Quintano<\/strong> terminaba quinto y <strong>Benjam\u00edn<\/strong> se colgaba una honrosa medalla de chocolate.<\/p>\r\n\r\n\r\n\r\n<div class=\"wp-block-image\">\r\n<figure class=\"aligncenter\"><img loading=\"lazy\" decoding=\"async\" width=\"1024\" height=\"683\" class=\"wp-image-1881\" src=\"http:\/\/www.arqueroszamora.es\/wp-content\/uploads\/2019\/03\/participantes-zamoranos-y-entrenadores-1024x683.jpg\" alt=\"\" srcset=\"http:\/\/www.arqueroszamora.es\/wp-content\/uploads\/2019\/03\/participantes-zamoranos-y-entrenadores-1024x683.jpg 1024w, http:\/\/www.arqueroszamora.es\/wp-content\/uploads\/2019\/03\/participantes-zamoranos-y-entrenadores-300x200.jpg 300w, http:\/\/www.arqueroszamora.es\/wp-content\/uploads\/2019\/03\/participantes-zamoranos-y-entrenadores-768x512.jpg 768w\" sizes=\"auto, (max-width: 1024px) 100vw, 1024px\" \/><\/figure>\r\n<\/div>\r\n","protected":false},"excerpt":{"rendered":"<p>El domingo se celebr\u00f3 la segunda jornada de Liga Territorial de Menores y Cadetes de tiro con arco. Organiz\u00f3 la competici\u00f3n el C.D. Arqueros Zamora Reny Picot en el pabell\u00f3n azul de la ciudad Deportiva de Zamora. Asistieron un total de 61 ni\u00f1os entre los que estaban los 20 que present\u00f3 el club zamorano y\u2026 <span class=\"read-more\"><a href=\"http:\/\/www.arqueroszamora.es\/index.php\/2019\/03\/26\/segunda-jornada-de-la-liga-territorial-de-menores\/\">Leer m\u00e1s &raquo;<\/a><\/span><\/p>\n","protected":false},"author":5,"featured_media":1879,"comment_status":"closed","ping_status":"closed","sticky":false,"template":"","format":"standard","meta":{"footnotes":""},"categories":[7],"tags":[],"class_list":["post-1878","post","type-post","status-publish","format-standard","has-post-thumbnail","hentry","category-noticias"],"_links":{"self":[{"href":"http:\/\/www.arqueroszamora.es\/index.php\/wp-json\/wp\/v2\/posts\/1878","targetHints":{"allow":["GET"]}}],"collection":[{"href":"http:\/\/www.arqueroszamora.es\/index.php\/wp-json\/wp\/v2\/posts"}],"about":[{"href":"http:\/\/www.arqueroszamora.es\/index.php\/wp-json\/wp\/v2\/types\/post"}],"author":[{"embeddable":true,"href":"http:\/\/www.arqueroszamora.es\/index.php\/wp-json\/wp\/v2\/users\/5"}],"replies":[{"embeddable":true,"href":"http:\/\/www.arqueroszamora.es\/index.php\/wp-json\/wp\/v2\/comments?post=1878"}],"version-history":[{"count":0,"href":"http:\/\/www.arqueroszamora.es\/index.php\/wp-json\/wp\/v2\/posts\/1878\/revisions"}],"wp:featuredmedia":[{"embeddable":true,"href":"http:\/\/www.arqueroszamora.es\/index.php\/wp-json\/wp\/v2\/media\/1879"}],"wp:attachment":[{"href":"http:\/\/www.arqueroszamora.es\/index.php\/wp-json\/wp\/v2\/media?parent=1878"}],"wp:term":[{"taxonomy":"category","embeddable":true,"href":"http:\/\/www.arqueroszamora.es\/index.php\/wp-json\/wp\/v2\/categories?post=1878"},{"taxonomy":"post_tag","embeddable":true,"href":"http:\/\/www.arqueroszamora.es\/index.php\/wp-json\/wp\/v2\/tags?post=1878"}],"curies":[{"name":"wp","href":"https:\/\/api.w.org\/{rel}","templated":true}]}}