{"id":1908,"date":"2019-05-29T19:53:47","date_gmt":"2019-05-29T18:53:47","guid":{"rendered":"http:\/\/www.arqueroszamora.es\/?p=1908"},"modified":"2019-05-29T20:06:44","modified_gmt":"2019-05-29T19:06:44","slug":"fotografias-de-la-inauguracion-del-campo-de-tiro","status":"publish","type":"post","link":"http:\/\/www.arqueroszamora.es\/index.php\/2019\/05\/29\/fotografias-de-la-inauguracion-del-campo-de-tiro\/","title":{"rendered":"FOTOGRAF\u00cdAS DE LA INAUGURACI\u00d3N DEL CAMPO DE TIRO"},"content":{"rendered":"<p>Mati a puesto a nuestra disposici\u00f3n las fotograf\u00edas tomadas durante la inauguraci\u00f3n del campo de tiro. Pod\u00e9is verlas entrando en la noticia y pinchando <a href=\"https:\/\/photos.google.com\/share\/AF1QipMX1B3uvv2wOG7w-KUekhRqrBhSOJHAvkqNKQ629Hz9EVdTDOVY9y5nf36OfrAAVw?key=bmdwZXQ1SVB3R2FadlNNaHNTM2tmLWcyeVAyMEtB\" target=\"_blank\" rel=\"noopener noreferrer\">AQU\u00cd<\/a>.<\/p>\n","protected":false},"excerpt":{"rendered":"<p>Mati a puesto a nuestra disposici\u00f3n las fotograf\u00edas tomadas durante la inauguraci\u00f3n del campo de tiro. Pod\u00e9is verlas entrando en la noticia y pinchando AQU\u00cd.<\/p>\n","protected":false},"author":5,"featured_media":1909,"comment_status":"closed","ping_status":"open","sticky":false,"template":"","format":"standard","meta":{"footnotes":""},"categories":[7],"tags":[],"class_list":["post-1908","post","type-post","status-publish","format-standard","has-post-thumbnail","hentry","category-noticias"],"_links":{"self":[{"href":"http:\/\/www.arqueroszamora.es\/index.php\/wp-json\/wp\/v2\/posts\/1908","targetHints":{"allow":["GET"]}}],"collection":[{"href":"http:\/\/www.arqueroszamora.es\/index.php\/wp-json\/wp\/v2\/posts"}],"about":[{"href":"http:\/\/www.arqueroszamora.es\/index.php\/wp-json\/wp\/v2\/types\/post"}],"author":[{"embeddable":true,"href":"http:\/\/www.arqueroszamora.es\/index.php\/wp-json\/wp\/v2\/users\/5"}],"replies":[{"embeddable":true,"href":"http:\/\/www.arqueroszamora.es\/index.php\/wp-json\/wp\/v2\/comments?post=1908"}],"version-history":[{"count":0,"href":"http:\/\/www.arqueroszamora.es\/index.php\/wp-json\/wp\/v2\/posts\/1908\/revisions"}],"wp:featuredmedia":[{"embeddable":true,"href":"http:\/\/www.arqueroszamora.es\/index.php\/wp-json\/wp\/v2\/media\/1909"}],"wp:attachment":[{"href":"http:\/\/www.arqueroszamora.es\/index.php\/wp-json\/wp\/v2\/media?parent=1908"}],"wp:term":[{"taxonomy":"category","embeddable":true,"href":"http:\/\/www.arqueroszamora.es\/index.php\/wp-json\/wp\/v2\/categories?post=1908"},{"taxonomy":"post_tag","embeddable":true,"href":"http:\/\/www.arqueroszamora.es\/index.php\/wp-json\/wp\/v2\/tags?post=1908"}],"curies":[{"name":"wp","href":"https:\/\/api.w.org\/{rel}","templated":true}]}}