{"id":1926,"date":"2019-06-23T20:13:43","date_gmt":"2019-06-23T19:13:43","guid":{"rendered":"http:\/\/www.arqueroszamora.es\/?p=1926"},"modified":"2019-06-23T21:03:58","modified_gmt":"2019-06-23T20:03:58","slug":"cronica-trofeo-san-pedro-2019","status":"publish","type":"post","link":"http:\/\/www.arqueroszamora.es\/index.php\/2019\/06\/23\/cronica-trofeo-san-pedro-2019\/","title":{"rendered":"CR\u00d3NICA SAN PEDRO 2019"},"content":{"rendered":"<h3><a href=\"http:\/\/www.arqueroszamora.es\/wp-content\/uploads\/2019\/06\/Arqueros.jpg\"><img loading=\"lazy\" decoding=\"async\" class=\"alignnone size-full wp-image-1927\" src=\"http:\/\/www.arqueroszamora.es\/wp-content\/uploads\/2019\/06\/Arqueros.jpg\" alt=\"\" width=\"1024\" height=\"297\" srcset=\"http:\/\/www.arqueroszamora.es\/wp-content\/uploads\/2019\/06\/Arqueros.jpg 1024w, http:\/\/www.arqueroszamora.es\/wp-content\/uploads\/2019\/06\/Arqueros-300x87.jpg 300w, http:\/\/www.arqueroszamora.es\/wp-content\/uploads\/2019\/06\/Arqueros-768x223.jpg 768w, http:\/\/www.arqueroszamora.es\/wp-content\/uploads\/2019\/06\/Arqueros-660x191.jpg 660w\" sizes=\"auto, (max-width: 1024px) 100vw, 1024px\" \/><\/a>La Ciudad Deportiva de Zamora acogi\u00f3 ayer domingo dos torneos de tiro con arco: el Torneo Nacional San Pedro, decano regional de los torneos veraniegos, y el torneo Ciudad de Zamora.<\/h3>\n<p>Asistieron al evento m\u00e1s de sesenta arqueros de la geograf\u00eda nacional intentado llevarse uno de los premios puestos en juego por el <strong>Club Deportivo Arqueros Zamora<\/strong>, organizador del campeonato. Del club capitalino participaron quince arqueros, de los cuales tres eran de categor\u00eda cadete y uno junior. Dos de ellos hicieron debut en competici\u00f3n: <strong>Carlos Fern\u00e1ndez<\/strong> en arco compuesto e <strong>Ignacio Echegoyen<\/strong> con arco tradicional.<a href=\"http:\/\/www.arqueroszamora.es\/wp-content\/uploads\/2019\/06\/Linea2.jpg\"><img loading=\"lazy\" decoding=\"async\" class=\"alignright wp-image-1930\" src=\"http:\/\/www.arqueroszamora.es\/wp-content\/uploads\/2019\/06\/Linea2-1024x576.jpg\" alt=\"\" width=\"450\" height=\"253\" srcset=\"http:\/\/www.arqueroszamora.es\/wp-content\/uploads\/2019\/06\/Linea2-1024x576.jpg 1024w, http:\/\/www.arqueroszamora.es\/wp-content\/uploads\/2019\/06\/Linea2-300x169.jpg 300w, http:\/\/www.arqueroszamora.es\/wp-content\/uploads\/2019\/06\/Linea2-768x432.jpg 768w, http:\/\/www.arqueroszamora.es\/wp-content\/uploads\/2019\/06\/Linea2-660x371.jpg 660w, http:\/\/www.arqueroszamora.es\/wp-content\/uploads\/2019\/06\/Linea2.jpg 1599w\" sizes=\"auto, (max-width: 450px) 100vw, 450px\" \/><\/a><\/p>\n<p>Las modalidades de los torneos tanto para hombres como mujeres eran: arco recurvo, compuesto, tradicional y long bow a las distancias y tipo de dianas reglamentarias<\/p>\n<p>Con una buena climatolog\u00eda, sin calor ni viento en exceso fueron desgran\u00e1ndose las tandas de flechas, unas con m\u00e1s acierto que otras. Los zamoranos se manten\u00edan, algunos en zona de medallas, y otros un poco m\u00e1s alejados.<\/p>\n<p>Al acabar las dos tandas clasificatorias en arco recurvo femenino <strong>Henar Quintano<\/strong> se proclamaba campeona del torneo San Pedro, seguida de su compa\u00f1era de club <strong>Laura Merayo<\/strong> y de <strong>Olaya Corbelle<\/strong>, del club Arcoastur. Cuarta fue la zamorana <strong>Raquel Gonz\u00e1lez<\/strong>.<\/p>\n<p>En arco recurvo masculino <strong>Jos\u00e9 Luis Delgado<\/strong> se alzaba con la plata, por detr\u00e1s del salmantino <strong>Carlos Iglesias<\/strong>; en tercer lugar qued\u00f3 el asturiano <strong>Miguel Men\u00e9ndez de Ves<\/strong> y a muy poca distancia en cuarto lugar qued\u00f3 el zamorano <strong>Manuel Artime<\/strong>.<\/p>\n<p><a href=\"http:\/\/www.arqueroszamora.es\/wp-content\/uploads\/2019\/06\/Linea.jpg\"><img loading=\"lazy\" decoding=\"async\" class=\"wp-image-1929 alignleft\" src=\"http:\/\/www.arqueroszamora.es\/wp-content\/uploads\/2019\/06\/Linea-1024x576.jpg\" alt=\"\" width=\"400\" height=\"225\" srcset=\"http:\/\/www.arqueroszamora.es\/wp-content\/uploads\/2019\/06\/Linea-1024x576.jpg 1024w, http:\/\/www.arqueroszamora.es\/wp-content\/uploads\/2019\/06\/Linea-300x169.jpg 300w, http:\/\/www.arqueroszamora.es\/wp-content\/uploads\/2019\/06\/Linea-768x432.jpg 768w, http:\/\/www.arqueroszamora.es\/wp-content\/uploads\/2019\/06\/Linea-660x371.jpg 660w, http:\/\/www.arqueroszamora.es\/wp-content\/uploads\/2019\/06\/Linea.jpg 1599w\" sizes=\"auto, (max-width: 400px) 100vw, 400px\" \/><\/a>En el resto de modalidades los zamoranos estuvieron en mitad de la tabla, excepto <strong>Benjam\u00edn Rodr\u00edguez<\/strong> con arco tradicional que tambi\u00e9n se llev\u00f3 la medalla de chocolate.<\/p>\n<p>Acabado el torneo San Pedro dio comienzo el Torneo Ciudad de Zamora consistente en comenzar con una puntuaci\u00f3n e ir subiendo un punto cada vez hasta llegar a hacer 30 puntos y 18 punto en arco tradicional. Este torneo es sin distinci\u00f3n de sexo. En arco recurvo el ganador fue <strong>Miguel Men\u00e9ndez de Ves<\/strong>. En arco compuesto por los 30 puntos hubieron de tirar cuatro veces cuatro arqueros entre ellos el zamorano <strong>Daniel Garc\u00eda<\/strong>. El desempate fue a una flecha y a la m\u00e1s cercana al diez perfecto. El ganador fue el salmantino <strong>Miguel Carrasco<\/strong>.<a href=\"http:\/\/www.arqueroszamora.es\/wp-content\/uploads\/2019\/06\/Dianas.jpg\"><img loading=\"lazy\" decoding=\"async\" class=\"size-medium wp-image-1928 alignright\" src=\"http:\/\/www.arqueroszamora.es\/wp-content\/uploads\/2019\/06\/Dianas-300x102.jpg\" alt=\"\" width=\"300\" height=\"102\" srcset=\"http:\/\/www.arqueroszamora.es\/wp-content\/uploads\/2019\/06\/Dianas-300x102.jpg 300w, http:\/\/www.arqueroszamora.es\/wp-content\/uploads\/2019\/06\/Dianas-768x260.jpg 768w, http:\/\/www.arqueroszamora.es\/wp-content\/uploads\/2019\/06\/Dianas-660x223.jpg 660w, http:\/\/www.arqueroszamora.es\/wp-content\/uploads\/2019\/06\/Dianas.jpg 969w\" sizes=\"auto, (max-width: 300px) 100vw, 300px\" \/><\/a><\/p>\n<p>En arco Long Bow el ganador fue el vallisoletano <strong>Lorenzo Rojo<\/strong> y en arco Tradicional fue para el abulense <strong>Javier Garc\u00eda Encinar.<\/strong><\/p>\n<p>En la entrega de trofeos estuvo presente el concejal de deportes <strong>D. Manuel Alesander<\/strong> junto con la delegada de tiro con arco de Zamora <strong>Bel\u00e9n Montero<\/strong> y dirigentes del club zamorano.<\/p>\n<p>&nbsp;<\/p>\n<p style=\"text-align: center;\"><a href=\"https:\/\/www.ianseo.net\/TourData\/2019\/5817\/IC.php\">RESULTADOS<\/a> &#8211; <a href=\"https:\/\/photos.app.goo.gl\/CxN1cDyyHaaVr58BA\">FOTOGRAF\u00cdAS<\/a><\/p>\n","protected":false},"excerpt":{"rendered":"<p>La Ciudad Deportiva de Zamora acogi\u00f3 ayer domingo dos torneos de tiro con arco: el Torneo Nacional San Pedro, decano regional de los torneos veraniegos, y el torneo Ciudad de Zamora. Asistieron al evento m\u00e1s de sesenta arqueros de la geograf\u00eda nacional intentado llevarse uno de los premios puestos en juego por el Club Deportivo\u2026 <span class=\"read-more\"><a href=\"http:\/\/www.arqueroszamora.es\/index.php\/2019\/06\/23\/cronica-trofeo-san-pedro-2019\/\">Leer m\u00e1s &raquo;<\/a><\/span><\/p>\n","protected":false},"author":5,"featured_media":1927,"comment_status":"closed","ping_status":"open","sticky":false,"template":"","format":"standard","meta":{"footnotes":""},"categories":[7],"tags":[],"class_list":["post-1926","post","type-post","status-publish","format-standard","has-post-thumbnail","hentry","category-noticias"],"_links":{"self":[{"href":"http:\/\/www.arqueroszamora.es\/index.php\/wp-json\/wp\/v2\/posts\/1926","targetHints":{"allow":["GET"]}}],"collection":[{"href":"http:\/\/www.arqueroszamora.es\/index.php\/wp-json\/wp\/v2\/posts"}],"about":[{"href":"http:\/\/www.arqueroszamora.es\/index.php\/wp-json\/wp\/v2\/types\/post"}],"author":[{"embeddable":true,"href":"http:\/\/www.arqueroszamora.es\/index.php\/wp-json\/wp\/v2\/users\/5"}],"replies":[{"embeddable":true,"href":"http:\/\/www.arqueroszamora.es\/index.php\/wp-json\/wp\/v2\/comments?post=1926"}],"version-history":[{"count":0,"href":"http:\/\/www.arqueroszamora.es\/index.php\/wp-json\/wp\/v2\/posts\/1926\/revisions"}],"wp:featuredmedia":[{"embeddable":true,"href":"http:\/\/www.arqueroszamora.es\/index.php\/wp-json\/wp\/v2\/media\/1927"}],"wp:attachment":[{"href":"http:\/\/www.arqueroszamora.es\/index.php\/wp-json\/wp\/v2\/media?parent=1926"}],"wp:term":[{"taxonomy":"category","embeddable":true,"href":"http:\/\/www.arqueroszamora.es\/index.php\/wp-json\/wp\/v2\/categories?post=1926"},{"taxonomy":"post_tag","embeddable":true,"href":"http:\/\/www.arqueroszamora.es\/index.php\/wp-json\/wp\/v2\/tags?post=1926"}],"curies":[{"name":"wp","href":"https:\/\/api.w.org\/{rel}","templated":true}]}}