{"id":1933,"date":"2019-07-01T22:54:12","date_gmt":"2019-07-01T21:54:12","guid":{"rendered":"http:\/\/www.arqueroszamora.es\/?p=1933"},"modified":"2019-07-02T08:23:53","modified_gmt":"2019-07-02T07:23:53","slug":"campeonatos-territoriales","status":"publish","type":"post","link":"http:\/\/www.arqueroszamora.es\/index.php\/2019\/07\/01\/campeonatos-territoriales\/","title":{"rendered":"CAMPEONATOS TERRITORIALES"},"content":{"rendered":"<p>Fin de semana intenso de tiro con arco el que han tenido los arqueros zamoranos a lo largo del s\u00e1bado y domingo en Cabrerizos, Salamanca. Bajo un sol de justicia que puso a prueba a ni\u00f1os y adultos, y a m\u00e1s de uno le pas\u00f3 factura tanto f\u00edsicamente como en resultados, se desarroll\u00f3 el <strong>Campeonato Territorial de arco Tradicional, Menores y Cadetes, Veteranos, Senior y Junior,<\/strong> organizado por el club La Flecha de Salamanca.<\/p>\n<p><a href=\"http:\/\/www.arqueroszamora.es\/wp-content\/uploads\/2019\/07\/MenoresCadetesVeteranos.jpg\" target=\"_blank\" rel=\"noopener noreferrer\"><img loading=\"lazy\" decoding=\"async\" class=\"alignnone wp-image-1934 size-full\" src=\"http:\/\/www.arqueroszamora.es\/wp-content\/uploads\/2019\/07\/MenoresCadetesVeteranos.jpg\" alt=\"\" width=\"1024\" height=\"527\" srcset=\"http:\/\/www.arqueroszamora.es\/wp-content\/uploads\/2019\/07\/MenoresCadetesVeteranos.jpg 1024w, http:\/\/www.arqueroszamora.es\/wp-content\/uploads\/2019\/07\/MenoresCadetesVeteranos-300x154.jpg 300w, http:\/\/www.arqueroszamora.es\/wp-content\/uploads\/2019\/07\/MenoresCadetesVeteranos-768x395.jpg 768w, http:\/\/www.arqueroszamora.es\/wp-content\/uploads\/2019\/07\/MenoresCadetesVeteranos-660x340.jpg 660w\" sizes=\"auto, (max-width: 1024px) 100vw, 1024px\" \/><\/a><\/p>\n<p>El s\u00e1bado por la ma\u00f1ana se disput\u00f3 el campeonato de arco tradicional y en \u00e9l, nuestro representante <strong>Benjam\u00edn Rodr\u00edguez<\/strong> realiz\u00f3 una enorme competici\u00f3n que lo situ\u00f3 en el tercer puesto de la contienda, sin embargo, un error en la organizaci\u00f3n\u00a0 le priv\u00f3 de subir al caj\u00f3n a recoger la medalla de bronce que le correspond\u00eda. El error\u00a0 ya ha sido corregido, y en breve recibir\u00e1 su merecido metal.<\/p>\n<p>En la tarde del s\u00e1bado los nueve j\u00f3venes arqueros que present\u00f3 el club tirar\u00edan por dos objetivos. La puntuaci\u00f3n que consiguieran val\u00eda para la 5\u00aa y \u00faltima Jornada de Liga Territorial y para el campeonato Territorial. La cosecha de metales fue muy buena. En la Liga se vinieron para Zamora dos oros, tres platas y un bronce, adem\u00e1s de un cuarto puesto. Los oros fueron para el benjam\u00edn <strong>Rodrigo Cristobal<\/strong> y para la alev\u00edn <strong>Enma Piedra<\/strong>. Los dos hicieron un gran campeonato. Las platas las consiguieron los infantiles <strong>Isabel Cristobal<\/strong> y <strong>Mario Mart\u00edn<\/strong>, una con arco recurvo y el otro con arco compuesto, y la cadete <strong>Raquel Gonz\u00e1lez<\/strong> con arco recurvo. El bronce\u00a0 se lo colg\u00f3 la infantil <strong>Olivia Lorenzo,\u00a0<\/strong>quien tendr\u00eda que abandonar la competici\u00f3n posteriormente por un golpe de calor. Otro cadete, <strong>Jorge \u00c1lvarez<\/strong>, se trajo un cuarto puesto muy bueno y por pocos puntos no se colg\u00f3 el bronce.<\/p>\n<p>Muchos de estos j\u00f3venes volver\u00edan a subir al podio que reconoc\u00eda a los campeones de Castilla y Le\u00f3n. Este fue el caso de <strong>Rodrigo Cristobal<\/strong> y <strong>Enma Piedra<\/strong>, que con sus dos oros cada uno se convert\u00edan en los protagonistas del campeonato. Tambi\u00e9n <strong>Raquel Gonz\u00e1lez<\/strong> se proclam\u00f3 campeona cadete con la realizaci\u00f3n de un campeonato muy bueno de principio a fin. De nuevo, <strong>Isabel Cristobal<\/strong> y <strong>Mario Mart\u00edn<\/strong> subieron al caj\u00f3n a recoger y lucir orgullosos el trabajado bronce.<\/p>\n<p>Paralelamente al campeonato de menores y cadetes se tir\u00f3 el de Veteranos y tambi\u00e9n aqu\u00ed el club zamorano present\u00f3 a tres deportistas y se trajeron el oro <strong>Ramiro Portale<\/strong>s, el bronce para <strong>Manuel Artime<\/strong> y <strong>Jos\u00e9 Manuel Quintano<\/strong> el cuarto puesto. Enorme el resultado conseguido en esta categor\u00eda.<a href=\"http:\/\/www.arqueroszamora.es\/wp-content\/uploads\/2019\/07\/Medallistas-en-el-Campeonato-senior-y-junior.jpeg\" target=\"_blank\" rel=\"noopener noreferrer\"><img loading=\"lazy\" decoding=\"async\" class=\"alignright wp-image-1935 \" src=\"http:\/\/www.arqueroszamora.es\/wp-content\/uploads\/2019\/07\/Medallistas-en-el-Campeonato-senior-y-junior-1024x768.jpeg\" alt=\"\" width=\"381\" height=\"286\" srcset=\"http:\/\/www.arqueroszamora.es\/wp-content\/uploads\/2019\/07\/Medallistas-en-el-Campeonato-senior-y-junior-1024x768.jpeg 1024w, http:\/\/www.arqueroszamora.es\/wp-content\/uploads\/2019\/07\/Medallistas-en-el-Campeonato-senior-y-junior-300x225.jpeg 300w, http:\/\/www.arqueroszamora.es\/wp-content\/uploads\/2019\/07\/Medallistas-en-el-Campeonato-senior-y-junior-768x576.jpeg 768w, http:\/\/www.arqueroszamora.es\/wp-content\/uploads\/2019\/07\/Medallistas-en-el-Campeonato-senior-y-junior-660x495.jpeg 660w, http:\/\/www.arqueroszamora.es\/wp-content\/uploads\/2019\/07\/Medallistas-en-el-Campeonato-senior-y-junior.jpeg 1599w\" sizes=\"auto, (max-width: 381px) 100vw, 381px\" \/><\/a><\/p>\n<p>En ma\u00f1ana del domingo el campeonato en juego fue el junior y senior, en el que nueve arqueros del club zamorano volvieron a dejar el pabell\u00f3n muy alto al traer para la capital un oro, tres platas, un bronce y dos cuartos puestos. <strong>Henar Quintano<\/strong> volvi\u00f3 a demostrar su pericia y se colgaba el oro en arco recurvo senior. Las platas las consiguieron en dura pugna <strong>Manuel Artime<\/strong> con arco recurvo senior masculino, <strong>Laura Merayo<\/strong> en arco recurvo femenino junior que sigue siendo fiable en las competiciones y <strong>Mati Pe\u00f1a<\/strong> con arco compuesto senior y que evidenci\u00f3 una mejor\u00eda en su t\u00e9cnica y resultado. El bronce en esta ocasi\u00f3n fue para <strong>\u00c1lvaro Artime<\/strong> en arco recurvo senior, que a pesar de su poco tiempo para preparar este campeonato logr\u00f3 estar entre los mejores. Las dos medallas de chocolate fueron para los cadetes, que tiraron como junior, <strong>Jorge \u00c1lvarez<\/strong> y <strong>Raquel Gonz\u00e1lez<\/strong> en arco recurvo. Ambos tiraron a gran nivel.<\/p>\n<p>Excelente actuaci\u00f3n en su conjunto del club capitalino que consigui\u00f3 el primer lugar en el medallero en todas las competiciones en las que particip\u00f3 excepto en arco tradicional.<\/p>\n<p>El pr\u00f3ximo fin de semana algunos tiradores acudir\u00e1n a Madrid para disputar la fase final del campeonato de Espa\u00f1a de clubes en el que el club Arqueros de Zamora tiene inscritos dos equipos.<\/p>\n","protected":false},"excerpt":{"rendered":"<p>Fin de semana intenso de tiro con arco el que han tenido los arqueros zamoranos a lo largo del s\u00e1bado y domingo en Cabrerizos, Salamanca. Bajo un sol de justicia que puso a prueba a ni\u00f1os y adultos, y a m\u00e1s de uno le pas\u00f3 factura tanto f\u00edsicamente como en resultados, se desarroll\u00f3 el Campeonato\u2026 <span class=\"read-more\"><a href=\"http:\/\/www.arqueroszamora.es\/index.php\/2019\/07\/01\/campeonatos-territoriales\/\">Leer m\u00e1s &raquo;<\/a><\/span><\/p>\n","protected":false},"author":5,"featured_media":1935,"comment_status":"closed","ping_status":"open","sticky":false,"template":"","format":"standard","meta":{"footnotes":""},"categories":[4,7],"tags":[],"class_list":["post-1933","post","type-post","status-publish","format-standard","has-post-thumbnail","hentry","category-competiciones","category-noticias"],"_links":{"self":[{"href":"http:\/\/www.arqueroszamora.es\/index.php\/wp-json\/wp\/v2\/posts\/1933","targetHints":{"allow":["GET"]}}],"collection":[{"href":"http:\/\/www.arqueroszamora.es\/index.php\/wp-json\/wp\/v2\/posts"}],"about":[{"href":"http:\/\/www.arqueroszamora.es\/index.php\/wp-json\/wp\/v2\/types\/post"}],"author":[{"embeddable":true,"href":"http:\/\/www.arqueroszamora.es\/index.php\/wp-json\/wp\/v2\/users\/5"}],"replies":[{"embeddable":true,"href":"http:\/\/www.arqueroszamora.es\/index.php\/wp-json\/wp\/v2\/comments?post=1933"}],"version-history":[{"count":0,"href":"http:\/\/www.arqueroszamora.es\/index.php\/wp-json\/wp\/v2\/posts\/1933\/revisions"}],"wp:featuredmedia":[{"embeddable":true,"href":"http:\/\/www.arqueroszamora.es\/index.php\/wp-json\/wp\/v2\/media\/1935"}],"wp:attachment":[{"href":"http:\/\/www.arqueroszamora.es\/index.php\/wp-json\/wp\/v2\/media?parent=1933"}],"wp:term":[{"taxonomy":"category","embeddable":true,"href":"http:\/\/www.arqueroszamora.es\/index.php\/wp-json\/wp\/v2\/categories?post=1933"},{"taxonomy":"post_tag","embeddable":true,"href":"http:\/\/www.arqueroszamora.es\/index.php\/wp-json\/wp\/v2\/tags?post=1933"}],"curies":[{"name":"wp","href":"https:\/\/api.w.org\/{rel}","templated":true}]}}