{"id":1952,"date":"2019-12-18T11:40:23","date_gmt":"2019-12-18T10:40:23","guid":{"rendered":"http:\/\/www.arqueroszamora.es\/?p=1952"},"modified":"2022-03-29T08:36:46","modified_gmt":"2022-03-29T08:36:46","slug":"1952-2","status":"publish","type":"post","link":"http:\/\/www.arqueroszamora.es\/index.php\/2019\/12\/18\/1952-2\/","title":{"rendered":"1\u00aa JORNADE DE LA LIGA TERRITORIAL DE MENORES Y CADETES."},"content":{"rendered":"<p><a href=\"http:\/\/www.arqueroszamora.es\/wp-content\/uploads\/2019\/12\/FotoGrupo.png\"><img loading=\"lazy\" decoding=\"async\" class=\"aligncenter size-large wp-image-1953\" src=\"http:\/\/www.arqueroszamora.es\/wp-content\/uploads\/2019\/12\/FotoGrupo-1024x389.png\" alt=\"\" width=\"665\" height=\"253\" srcset=\"http:\/\/www.arqueroszamora.es\/wp-content\/uploads\/2019\/12\/FotoGrupo.png 1024w, http:\/\/www.arqueroszamora.es\/wp-content\/uploads\/2019\/12\/FotoGrupo-300x114.png 300w, http:\/\/www.arqueroszamora.es\/wp-content\/uploads\/2019\/12\/FotoGrupo-768x292.png 768w, http:\/\/www.arqueroszamora.es\/wp-content\/uploads\/2019\/12\/FotoGrupo-660x251.png 660w\" sizes=\"auto, (max-width: 665px) 100vw, 665px\" \/><\/a><\/p>\n<p>El domingo por la ma\u00f1ana se celebr\u00f3 en el Pabell\u00f3n Azul de la Ciudad Deportiva de Zamora la 1\u00aa jornada de la Liga Territorial de Menores y Cadetes de tiro con arco. La Federaci\u00f3n Territorial encarg\u00f3 al <strong>CD. Arqueros Zamora<\/strong> la organizaci\u00f3n del evento, que como siempre ray\u00f3 a gran altura.<br \/>\nAsistieron un total de 60 arqueros de la pr\u00e1ctica totalidad de la Comunidad y entre los cuales estaban los 19 que present\u00f3 el club zamorano y entre ellos debutaron 3 prebenjamines y un infantil. Todos ellos asistidos por los cinco t\u00e9cnicos de la Escuela Municipal de Tiro con Arco.<br \/>\nLa tirada, de sala y 60 flechas, era la primera de las cuatro de las que consta la liga y se not\u00f3 esta circunstancia en lo<a href=\"http:\/\/www.arqueroszamora.es\/wp-content\/uploads\/2019\/12\/lineaDeTiro.jpg\"><img loading=\"lazy\" decoding=\"async\" class=\"alignright wp-image-1954 size-medium\" src=\"http:\/\/www.arqueroszamora.es\/wp-content\/uploads\/2019\/12\/lineaDeTiro-300x225.jpg\" alt=\"\" width=\"300\" height=\"225\" srcset=\"http:\/\/www.arqueroszamora.es\/wp-content\/uploads\/2019\/12\/lineaDeTiro-300x225.jpg 300w, http:\/\/www.arqueroszamora.es\/wp-content\/uploads\/2019\/12\/lineaDeTiro-768x576.jpg 768w, http:\/\/www.arqueroszamora.es\/wp-content\/uploads\/2019\/12\/lineaDeTiro.jpg 1024w, http:\/\/www.arqueroszamora.es\/wp-content\/uploads\/2019\/12\/lineaDeTiro-660x495.jpg 660w\" sizes=\"auto, (max-width: 300px) 100vw, 300px\" \/><\/a>s resultados salvando algunas excepciones.<br \/>\nLas prebenjamines lo hicieron realmente bien y tanto <strong>Mario Pedrero<\/strong> como <strong>Elvira Fern\u00e1ndez<\/strong> acabaron primeros. <strong>\u00c1lvaro S\u00e1nchez<\/strong> y <strong>Carla Acedo<\/strong> lograban la segunda plaza y <strong>Alejandro Moralejo<\/strong> la tercera. Excelente clasificaci\u00f3n provisional en esta categor\u00eda.<br \/>\nLos alevines <strong>Rodrigo Crist\u00f3bal<\/strong> y <strong>Carlos Fern\u00e1ndez<\/strong> con su segunda y tercera plaza quedan muy bien posicionados y motivados para la siguiente prueba.<br \/>\nLa categor\u00eda infantil estuvo bien defendida de la mano de <strong>Olivia Lorenzo<\/strong> logr\u00f3 la primera posici\u00f3n con marca personal de 557 puntos que le asegura la plaza en el Centro de Tecnificaci\u00f3n de Castilla y Le\u00f3n para la temporada 2020\/2021. <strong>Enma Piedra<\/strong> y <strong>Aar\u00f3n Mu\u00f1oz<\/strong> evidenciaron una clara mejor\u00eda respecto el a\u00f1o pasado y los dos afianzaron la tercera plaza. <strong>Asier Viz\u00e1n<\/strong>, que se estrenaba en competici\u00f3n, quedaba en una buena quinta posici\u00f3n dejando muy buenas sensaciones como arquero a sus t\u00e9cnicos.<br \/>\nLa categor\u00eda cadete estuvo representada por <strong>Isabel Crist\u00f3bal, Elisa Fern\u00e1ndez, Luc\u00eda Barroso, Paula Delgado, Jos\u00e9 Dom\u00ednguez, Josu\u00e9 Fern\u00e1ndez, Antonio Fern\u00e1ndez<\/strong> y <strong>Mario Mart\u00edn<\/strong>, \u00e9ste con arco de poleas tuvo una buena actuaci\u00f3n logrando marca personal y la segunda posici\u00f3n en la general. La actuaci\u00f3n de los dem\u00e1s fue dispar, las chicas se posicionaban en el 5\u00ba,8\u00ba,9\u00ba,10\u00ba lugar respectivamente pero dejando todas ellas muy buenas sensaciones de cara al futuro. Los chicos quedaban en el 11\u00ba,12\u00ba y 13\u00ba lugar pero que seguro que en la pr\u00f3xima jornada van a escalar posiciones.<\/p>\n","protected":false},"excerpt":{"rendered":"<p>El domingo por la ma\u00f1ana se celebr\u00f3 en el Pabell\u00f3n Azul de la Ciudad Deportiva de Zamora la 1\u00aa jornada de la Liga Territorial de Menores y Cadetes de tiro con arco. La Federaci\u00f3n Territorial encarg\u00f3 al CD. Arqueros Zamora la organizaci\u00f3n del evento, que como siempre ray\u00f3 a gran altura. Asistieron un total de\u2026 <span class=\"read-more\"><a href=\"http:\/\/www.arqueroszamora.es\/index.php\/2019\/12\/18\/1952-2\/\">Leer m\u00e1s &raquo;<\/a><\/span><\/p>\n","protected":false},"author":5,"featured_media":1955,"comment_status":"open","ping_status":"open","sticky":false,"template":"","format":"standard","meta":{"footnotes":""},"categories":[4,7],"tags":[],"class_list":["post-1952","post","type-post","status-publish","format-standard","has-post-thumbnail","hentry","category-competiciones","category-noticias"],"_links":{"self":[{"href":"http:\/\/www.arqueroszamora.es\/index.php\/wp-json\/wp\/v2\/posts\/1952","targetHints":{"allow":["GET"]}}],"collection":[{"href":"http:\/\/www.arqueroszamora.es\/index.php\/wp-json\/wp\/v2\/posts"}],"about":[{"href":"http:\/\/www.arqueroszamora.es\/index.php\/wp-json\/wp\/v2\/types\/post"}],"author":[{"embeddable":true,"href":"http:\/\/www.arqueroszamora.es\/index.php\/wp-json\/wp\/v2\/users\/5"}],"replies":[{"embeddable":true,"href":"http:\/\/www.arqueroszamora.es\/index.php\/wp-json\/wp\/v2\/comments?post=1952"}],"version-history":[{"count":0,"href":"http:\/\/www.arqueroszamora.es\/index.php\/wp-json\/wp\/v2\/posts\/1952\/revisions"}],"wp:featuredmedia":[{"embeddable":true,"href":"http:\/\/www.arqueroszamora.es\/index.php\/wp-json\/wp\/v2\/media\/1955"}],"wp:attachment":[{"href":"http:\/\/www.arqueroszamora.es\/index.php\/wp-json\/wp\/v2\/media?parent=1952"}],"wp:term":[{"taxonomy":"category","embeddable":true,"href":"http:\/\/www.arqueroszamora.es\/index.php\/wp-json\/wp\/v2\/categories?post=1952"},{"taxonomy":"post_tag","embeddable":true,"href":"http:\/\/www.arqueroszamora.es\/index.php\/wp-json\/wp\/v2\/tags?post=1952"}],"curies":[{"name":"wp","href":"https:\/\/api.w.org\/{rel}","templated":true}]}}