{"id":1959,"date":"2019-12-31T11:26:28","date_gmt":"2019-12-31T10:26:28","guid":{"rendered":"http:\/\/www.arqueroszamora.es\/?p=1959"},"modified":"2020-01-08T20:16:05","modified_gmt":"2020-01-08T19:16:05","slug":"torneo-nacional-de-navidad-de-tiro-con-arco","status":"publish","type":"post","link":"http:\/\/www.arqueroszamora.es\/index.php\/2019\/12\/31\/torneo-nacional-de-navidad-de-tiro-con-arco\/","title":{"rendered":"TORNEO NACIONAL DE NAVIDAD DE TIRO CON ARCO"},"content":{"rendered":"<p>El club Arqueros Zamora Reny Picot organiz\u00f3 brillantemente el XXI Torneo Nacional de Navidad de tiro con arco en sala. La actividad se desarroll\u00f3 en el pabell\u00f3n Azul de la Ciudad Deportiva de Zamora a lo largo de la ma\u00f1ana de ayer domingo. Los 87 tiradores venidos de\u00a0 Galicia, Asturias, Pa\u00eds Vasco, Extremadura, Castilla la Mancha, Madrid, Castilla y Le\u00f3n y Lisboa conformaron una l\u00ednea de tiro completa,\u00a0 echo este que dice mucho de la calidad de este torneo, decano en Castilla y Le\u00f3n entre los torneos de invierno. <a href=\"http:\/\/www.arqueroszamora.es\/wp-content\/uploads\/2019\/12\/arcos.jpg\"><img loading=\"lazy\" decoding=\"async\" class=\"alignright size-medium wp-image-1961\" src=\"http:\/\/www.arqueroszamora.es\/wp-content\/uploads\/2019\/12\/arcos-169x300.jpg\" alt=\"\" width=\"169\" height=\"300\" srcset=\"http:\/\/www.arqueroszamora.es\/wp-content\/uploads\/2019\/12\/arcos-169x300.jpg 169w, http:\/\/www.arqueroszamora.es\/wp-content\/uploads\/2019\/12\/arcos.jpg 576w\" sizes=\"auto, (max-width: 169px) 100vw, 169px\" \/><\/a><\/p>\n<p>La calidad de los arqueros asistentes era alta, no en vano estaban entre ellos el salmantino Carlos Iglesias, miembro del equipo nacional,\u00a0 <strong>Nuno Carneiro<\/strong>, fenomenal lisboeta, <strong>\u00c1ngel Lorenzo<\/strong> y <strong>Ana Alonso<\/strong>, vallisoletanos, <strong>F\u00e1tima Agudo<\/strong>, cacere\u00f1a con 21 campeonatos de Espa\u00f1a e\u00a0 infinidad de internacionalidades, <strong>Luis Ca\u00eddas<\/strong>, experimentado abulense, J<strong>os\u00e9 Francisco Prieto<\/strong>, actual campe\u00f3n de Espa\u00f1a con arco Tradicional, <strong>Rui Baptista<\/strong> otro extraordinario lisboeta que repiti\u00f3 este a\u00f1o dado que en la edici\u00f3n anterior bati\u00f3 el record de Portugal. Y as\u00ed\u00a0 un elenco de tiradores de \u00e9lite contra los que tuvieron que lidiar los zamoranos que participaron en el evento: <strong>\u00c1lvaro Artime, Jos\u00e9 Luis Delgado, Manuel Artime, Iv\u00e1n Diez, Mario Mart\u00edn, Rufino Manso, Kevin Gonz\u00e1lez, Carlos Garc\u00eda, Daniel Garc\u00eda, Carlos Fern\u00e1ndez,\u00a0 Benjam\u00edn Rodr\u00edguez, Mati Pe\u00f1a, Soraya \u00c1lvarez, Laura Merayo, Beatriz Manso y Raquel Gonz\u00e1lez.<\/strong> Todos ellos con mejor o peor fortuna\u00a0 dieron la talla y dejaron alto el pabell\u00f3n de los zamoranos.<\/p>\n<div id=\"attachment_1964\" style=\"width: 310px\" class=\"wp-caption alignright\"><a href=\"http:\/\/www.arqueroszamora.es\/wp-content\/uploads\/2019\/12\/RecurvoMasculino.jpg\" target=\"_blank\" rel=\"noopener noreferrer\"><img loading=\"lazy\" decoding=\"async\" aria-describedby=\"caption-attachment-1964\" class=\"wp-image-1964 size-medium\" src=\"http:\/\/www.arqueroszamora.es\/wp-content\/uploads\/2019\/12\/RecurvoMasculino-300x200.jpg\" alt=\"\" width=\"300\" height=\"200\" srcset=\"http:\/\/www.arqueroszamora.es\/wp-content\/uploads\/2019\/12\/RecurvoMasculino-300x200.jpg 300w, http:\/\/www.arqueroszamora.es\/wp-content\/uploads\/2019\/12\/RecurvoMasculino-768x512.jpg 768w, http:\/\/www.arqueroszamora.es\/wp-content\/uploads\/2019\/12\/RecurvoMasculino.jpg 1024w, http:\/\/www.arqueroszamora.es\/wp-content\/uploads\/2019\/12\/RecurvoMasculino-660x440.jpg 660w\" sizes=\"auto, (max-width: 300px) 100vw, 300px\" \/><\/a><p id=\"caption-attachment-1964\" class=\"wp-caption-text\">Carlos Iglesias, Nuno Carneiro y \u00c1lvaro Artime<\/p><\/div>\n<p>El formato de la competici\u00f3n era de dos torneos en uno. Las primeras 60 flechas serv\u00edan para establecer los ganadores del XXI Torneo\u00a0 Nacional de Navidad. Al acabar estos lanzamientos los favoritos demostraban el porqu\u00e9 de esa condici\u00f3n: En arco compuesto <strong>Rui Baptista<\/strong> le acompa\u00f1aron en el caj\u00f3n <strong>Alejandro Gonz\u00e1lez<\/strong> y <strong>Xaqu\u00edn Mira<\/strong>. En mujeres <strong>Ana Alonso<\/strong> se alzaban con el triunfo no sin antes tener que\u00a0 desempatar a un flecha con <strong>F\u00e1tima Alonso<\/strong> para dirimir el primer y segundo puesto; la tercera ser\u00eda <strong>Beatriz Manuel<\/strong>.<\/p>\n<p>En Arco recurvo <strong>Nuno Carneiro<\/strong> se colg\u00f3 el a\u00fareo metal seguido de <strong>Carlos Iglesias<\/strong> y <strong>\u00c1lvaro Artime<\/strong>, zamorano. En mujeres recurvo <strong>Laura Merayo<\/strong>, de Zamora que hizo una extraordinaria primera serie de 30 flechas, se erig\u00eda en la mejor seguida de su compa\u00f1era de club <strong>Beatriz Manso<\/strong> que ha retomado el arco, y de <strong>Marina Prieta<\/strong>, cadete salmantina.<\/p>\n<div id=\"attachment_1963\" style=\"width: 310px\" class=\"wp-caption alignleft\"><a href=\"http:\/\/www.arqueroszamora.es\/wp-content\/uploads\/2019\/12\/RecurvoFemenino.jpg\" target=\"_blank\" rel=\"noopener noreferrer\"><img loading=\"lazy\" decoding=\"async\" aria-describedby=\"caption-attachment-1963\" class=\"wp-image-1963 size-medium\" src=\"http:\/\/www.arqueroszamora.es\/wp-content\/uploads\/2019\/12\/RecurvoFemenino-300x200.jpg\" alt=\"\" width=\"300\" height=\"200\" srcset=\"http:\/\/www.arqueroszamora.es\/wp-content\/uploads\/2019\/12\/RecurvoFemenino-300x200.jpg 300w, http:\/\/www.arqueroszamora.es\/wp-content\/uploads\/2019\/12\/RecurvoFemenino-768x512.jpg 768w, http:\/\/www.arqueroszamora.es\/wp-content\/uploads\/2019\/12\/RecurvoFemenino.jpg 1024w, http:\/\/www.arqueroszamora.es\/wp-content\/uploads\/2019\/12\/RecurvoFemenino-660x440.jpg 660w\" sizes=\"auto, (max-width: 300px) 100vw, 300px\" \/><\/a><p id=\"caption-attachment-1963\" class=\"wp-caption-text\">Podio de arco recurvo femenino con la zamorana en lo m\u00e1s alto. Recogi\u00f3 el tercer premio Jorge \u00c1lvarez en lugar de Beatriz Manso que se tuvo que ausentar<\/p><\/div>\n<p>En arco Tradicional recurvado <strong>Lu\u00eds Ca\u00eddas<\/strong>, <strong>Antonio Diaz<\/strong> y <strong>Benjam\u00edn Rodr\u00edguez<\/strong>, otro zamorano, coparon el podium.<\/p>\n<p>La modalidad de long\u00a0 bow masculina estuvo dominada por <strong>Jos\u00e9 Francisco Prieto<\/strong>, <strong>\u00c1ngel Lorenzo<\/strong> y <strong>Miguel \u00c1ngel Ronda<\/strong>.<\/p>\n<p>&nbsp;<\/p>\n<p>Acabada esta competici\u00f3n dio paso al VIII Torneo Reny Picot, torneo en el compiten conjuntamente hombres y mujeres dentro de su\u00a0 modalidad. Consistente en conseguir una puntuaci\u00f3n determinada con tres flechas e ir aumentando un punto en la siguiente tanda hasta\u00a0 llegar a 30 puntos en arco de precisi\u00f3n y a 18 puntos los de arco tradicional. Torneo donde los m\u00e1s templados se llevan el gato al agua; en\u00a0 este caso fueron el berciano <strong>Alejandro Gonz\u00e1lez<\/strong> en arco compuesto, <strong>Carlos Iglesias en arco recurvo<\/strong>, <strong>Luis Ca\u00eddas<\/strong> en arco tradicional y el mirobrigense <strong>Jos\u00e9 Francisco Prieto<\/strong> en arco long bow.<a href=\"http:\/\/www.arqueroszamora.es\/wp-content\/uploads\/2019\/12\/TradicionalMasculino.jpg\"><img loading=\"lazy\" decoding=\"async\" class=\"alignright size-medium wp-image-1965\" src=\"http:\/\/www.arqueroszamora.es\/wp-content\/uploads\/2019\/12\/TradicionalMasculino-300x186.jpg\" alt=\"\" width=\"300\" height=\"186\" srcset=\"http:\/\/www.arqueroszamora.es\/wp-content\/uploads\/2019\/12\/TradicionalMasculino-300x186.jpg 300w, http:\/\/www.arqueroszamora.es\/wp-content\/uploads\/2019\/12\/TradicionalMasculino-768x476.jpg 768w, http:\/\/www.arqueroszamora.es\/wp-content\/uploads\/2019\/12\/TradicionalMasculino.jpg 1024w, http:\/\/www.arqueroszamora.es\/wp-content\/uploads\/2019\/12\/TradicionalMasculino-660x409.jpg 660w\" sizes=\"auto, (max-width: 300px) 100vw, 300px\" \/><\/a><\/p>\n<p>Una vez finalizadas las dos competiciones la organizaci\u00f3n hizo una m\u00e1s. S\u00f3lo tirar\u00edan dos flechas por arquero a un sobre cerrado en el que hab\u00eda un n\u00famero que se correspond\u00eda con un regalo, si pinchaban el sobre el regalo era para el arquero. La finalidad que buscaba el club es\u00a0 que todos los arqueros se fueran de Zamora con un regalo, como as\u00ed fue. Estos regalos fueron donados por socios y empresas particulares. A\u00a0 todos ellos el club quiere agradecer p\u00fablicamente su apoyo.<\/p>\n<p>Acabado todo se hizo entrega de trofeos a los ganadores. En la entrega estuvo presente el concejal de deportes del Ayuntamiento de Zamora,\u00a0 D<strong>. Manuel Alesander<\/strong> junto con la delegada provincial de tiro con arco, <strong>Bel\u00e9n Montero<\/strong>, los dos jueces asturianos y cuatro\u00a0\u00a0 zamoranos. Posteriormente el club agasaj\u00f3 a todos los deportistas con un \u00e1gape.<\/p>\n<p>Satisfacci\u00f3n entre los miembros del club por el desarrollo de esta nueva edici\u00f3n del torneo dado que no hubo ning\u00fan incidente que retrasase el normal devenir del evento.<\/p>\n<p style=\"text-align: center;\"><a href=\"http:\/\/www.arqueroszamora.es\/wp-content\/uploads\/2019\/12\/CLASIFICACION-FINAL-TORNEO-DE-NAVIDAD.pdf\" target=\"_blank\" rel=\"noopener noreferrer\">RESULTADOS<\/a> &#8211; <a href=\"https:\/\/photos.google.com\/share\/AF1QipM7_Cmb48YQMULrXiBsat9aphejeM29Q54-1dheE7BBh0_-Oxg2p6rB_aS8ZZ1qRw?key=MVlXUmstRDBIYlItbkFMUjNMY0lJQXpELUNSa0VR\" target=\"_blank\" rel=\"noopener noreferrer\">GALER\u00cdA FOTOGR\u00c1FICA<\/a><\/p>\n<p><a href=\"http:\/\/www.arqueroszamora.es\/wp-content\/uploads\/2019\/12\/FotoGrupo-1.png\"><img loading=\"lazy\" decoding=\"async\" class=\"alignright size-large wp-image-1960\" src=\"http:\/\/www.arqueroszamora.es\/wp-content\/uploads\/2019\/12\/FotoGrupo-1-1024x311.png\" alt=\"\" width=\"665\" height=\"202\" srcset=\"http:\/\/www.arqueroszamora.es\/wp-content\/uploads\/2019\/12\/FotoGrupo-1.png 1024w, http:\/\/www.arqueroszamora.es\/wp-content\/uploads\/2019\/12\/FotoGrupo-1-300x91.png 300w, http:\/\/www.arqueroszamora.es\/wp-content\/uploads\/2019\/12\/FotoGrupo-1-768x233.png 768w, http:\/\/www.arqueroszamora.es\/wp-content\/uploads\/2019\/12\/FotoGrupo-1-660x200.png 660w\" sizes=\"auto, (max-width: 665px) 100vw, 665px\" \/><\/a><\/p>\n","protected":false},"excerpt":{"rendered":"<p>El club Arqueros Zamora Reny Picot organiz\u00f3 brillantemente el XXI Torneo Nacional de Navidad de tiro con arco en sala. La actividad se desarroll\u00f3 en el pabell\u00f3n Azul de la Ciudad Deportiva de Zamora a lo largo de la ma\u00f1ana de ayer domingo. Los 87 tiradores venidos de\u00a0 Galicia, Asturias, Pa\u00eds Vasco, Extremadura, Castilla la\u2026 <span class=\"read-more\"><a href=\"http:\/\/www.arqueroszamora.es\/index.php\/2019\/12\/31\/torneo-nacional-de-navidad-de-tiro-con-arco\/\">Leer m\u00e1s &raquo;<\/a><\/span><\/p>\n","protected":false},"author":1,"featured_media":1961,"comment_status":"closed","ping_status":"open","sticky":false,"template":"","format":"standard","meta":{"footnotes":""},"categories":[7],"tags":[],"class_list":["post-1959","post","type-post","status-publish","format-standard","has-post-thumbnail","hentry","category-noticias"],"_links":{"self":[{"href":"http:\/\/www.arqueroszamora.es\/index.php\/wp-json\/wp\/v2\/posts\/1959","targetHints":{"allow":["GET"]}}],"collection":[{"href":"http:\/\/www.arqueroszamora.es\/index.php\/wp-json\/wp\/v2\/posts"}],"about":[{"href":"http:\/\/www.arqueroszamora.es\/index.php\/wp-json\/wp\/v2\/types\/post"}],"author":[{"embeddable":true,"href":"http:\/\/www.arqueroszamora.es\/index.php\/wp-json\/wp\/v2\/users\/1"}],"replies":[{"embeddable":true,"href":"http:\/\/www.arqueroszamora.es\/index.php\/wp-json\/wp\/v2\/comments?post=1959"}],"version-history":[{"count":0,"href":"http:\/\/www.arqueroszamora.es\/index.php\/wp-json\/wp\/v2\/posts\/1959\/revisions"}],"wp:featuredmedia":[{"embeddable":true,"href":"http:\/\/www.arqueroszamora.es\/index.php\/wp-json\/wp\/v2\/media\/1961"}],"wp:attachment":[{"href":"http:\/\/www.arqueroszamora.es\/index.php\/wp-json\/wp\/v2\/media?parent=1959"}],"wp:term":[{"taxonomy":"category","embeddable":true,"href":"http:\/\/www.arqueroszamora.es\/index.php\/wp-json\/wp\/v2\/categories?post=1959"},{"taxonomy":"post_tag","embeddable":true,"href":"http:\/\/www.arqueroszamora.es\/index.php\/wp-json\/wp\/v2\/tags?post=1959"}],"curies":[{"name":"wp","href":"https:\/\/api.w.org\/{rel}","templated":true}]}}