{"id":1969,"date":"2020-02-05T18:34:19","date_gmt":"2020-02-05T17:34:19","guid":{"rendered":"http:\/\/www.arqueroszamora.es\/?p=1969"},"modified":"2022-03-29T08:36:22","modified_gmt":"2022-03-29T08:36:22","slug":"1969-2","status":"publish","type":"post","link":"http:\/\/www.arqueroszamora.es\/index.php\/2020\/02\/05\/1969-2\/","title":{"rendered":"CAMPEONATOS TERRITORIALES SALA 2020."},"content":{"rendered":"<p><strong>EDADES Y CADETES<\/strong><\/p>\n<p>Fin de semana intenso&nbsp; para el CD Arqueros Zamora Reny Picot que acudi\u00f3 a Le\u00f3n para disputar el s\u00e1bado el campeonato territorial de Menores y Cadetes y el domingo el junior y Absoluto.<\/p>\n<p>Acudieron un total de 15 menores y cadetes acompa\u00f1ados de 3 entrenadores&nbsp; y 16 junior y senior desde la categor\u00eda Benjam\u00edn hasta la senior y de las modalidades de arco recurvo y compuesto. Todos los menores y cadetes acuden regularmente a la Escuela Municipal de tiro con arco.<\/p>\n<p>Con un total de 14 medallas y 4 diplomas al cuarto puesto, lo resultados fueron muy buenos tanto el s\u00e1bado como el domingo que llevaron al club de la capital al primer lugar del medallero con 3 oros, 7 platas, 4 bronces y 4 diplomas.<\/p>\n<p>Los benjamines se colgaron nada menos que un oro, dos platas y dos bronces a cargo de <strong>Elvira Fern\u00e1ndez<\/strong>, <strong>Carla Acedo<\/strong>, <strong>Mario Pedrero<\/strong> (se le escap\u00f3 el oro por un solo punto) y <strong>Alejandro Moralejo<\/strong> respectivamente. Destacar que para Mario, Carla y Alejandro era su primer campeonato ya que han comenzado a practicar esta disciplina en octubre y lo hicieron francamente bien, asombrando a los numerosos espectadores con las agrupaciones que hac\u00edan con sus lanzamientos.<a href=\"http:\/\/www.arqueroszamora.es\/wp-content\/uploads\/2020\/02\/menores-y-cadetes-en-el-cameonato-con-sus-entrenadores.jpg\" target=\"_blank\" rel=\"noopener noreferrer\"><img loading=\"lazy\" decoding=\"async\" class=\"alignright wp-image-1970 size-large\" src=\"http:\/\/www.arqueroszamora.es\/wp-content\/uploads\/2020\/02\/menores-y-cadetes-en-el-cameonato-con-sus-entrenadores-1024x702.jpg\" alt=\"\" width=\"665\" height=\"456\" srcset=\"http:\/\/www.arqueroszamora.es\/wp-content\/uploads\/2020\/02\/menores-y-cadetes-en-el-cameonato-con-sus-entrenadores-1024x702.jpg 1024w, http:\/\/www.arqueroszamora.es\/wp-content\/uploads\/2020\/02\/menores-y-cadetes-en-el-cameonato-con-sus-entrenadores-300x206.jpg 300w, http:\/\/www.arqueroszamora.es\/wp-content\/uploads\/2020\/02\/menores-y-cadetes-en-el-cameonato-con-sus-entrenadores-768x527.jpg 768w, http:\/\/www.arqueroszamora.es\/wp-content\/uploads\/2020\/02\/menores-y-cadetes-en-el-cameonato-con-sus-entrenadores-660x453.jpg 660w, http:\/\/www.arqueroszamora.es\/wp-content\/uploads\/2020\/02\/menores-y-cadetes-en-el-cameonato-con-sus-entrenadores.jpg 1600w\" sizes=\"auto, (max-width: 665px) 100vw, 665px\" \/><\/a><\/p>\n<p><strong>Rodrigo Crist\u00f3bal<\/strong>, que estrenaba categor\u00eda alev\u00edn, con una tirada muy seria se har\u00eda con la plata merecidamente.<\/p>\n<p>En categor\u00eda infantil <strong>Olivia Cardona<\/strong> se met\u00eda en la final despu\u00e9s de acabar segunda en la clasificatoria. Lleg\u00f3 a la final, que fue muy disputada, contra su m\u00e1xima rival, la salmantina <strong>Claudia Mart\u00edn<\/strong>, que dej\u00f3 sin el oro a la zamorana despu\u00e9s de tener que llegar a tener que tirar una flecha de desempate en la que tuvo m\u00e1s suerte la charra. Se estrenaba como infantil otro joven arquero con excelentes resultados: <strong>Asier Viz\u00e1n<\/strong> que no s\u00f3lo se meti\u00f3 en las eliminatorias sino que logr\u00f3 llegar a la final y aunque no logr\u00f3 el oro la plata le supo al \u00e1ureo metal. En esta categor\u00eda tambi\u00e9n tiraba por primera vez <strong>Aar\u00f3n Mu\u00f1oz<\/strong> que logr\u00f3 estar en el caj\u00f3n junto a Asier con el merecido diploma al cuarto despu\u00e9s de eliminar a <strong>Alejandro Mart\u00ednez<\/strong>, de Valladolid. Otra arquera que destac\u00f3 fue <strong>Enma Piedra<\/strong> que a pesar de estrenar categor\u00eda y de tener alg\u00fan problema puntual con las flechas logr\u00f3 alcanzar la medalla de chocolate dejando muy buenas sensaciones a los t\u00e9cnicos.<\/p>\n<p>La categor\u00eda cadete estuvo representada en el podio por <strong>Mario Mart\u00edn<\/strong> con arco de poleas que alcanz\u00f3 un dif\u00edcil bronce despu\u00e9s de apear en eliminatorias a duros rivales.<\/p>\n<p>La mejor clasificada de las chicas cadetes de recurvo fue <strong>Isabel Crist\u00f3bal<\/strong> que sigue progresando muy bien en su formaci\u00f3n t\u00e9cnica cumpliendo objetivos poco a poco tanto en entrenamiento como en competici\u00f3n.<\/p>\n<p>Ocho medallas y dos diplomas al cuarto en total fue el excelente bot\u00edn del s\u00e1bado para los j\u00f3venes arqueros zamoranos.<\/p>\n<p>Estos peque\u00f1os deportistas demostraron a sus entrenadores por qu\u00e9 han apostado por ellos independientemente de los resultados obtenidos. El objetivo de formaci\u00f3n deportiva y humana es el m\u00e1s importante para el club en las categor\u00edas inferiores.<\/p>\n<p style=\"text-align: center;\"><a href=\"http:\/\/www.arqueroszamora.es\/wp-content\/uploads\/2020\/02\/TerritorialSalaAbs_2020.pdf\" target=\"_blank\" rel=\"noopener noreferrer\">RESULTADOS<\/a><\/p>\n<p>&nbsp;<\/p>\n<p><strong>TERRITORIAL ABSOLUTO<\/strong><\/p>\n<p>El domingo toc\u00f3 el turno a los mayores y junior que estuvieron en todos los podios con dos oros, dos platas, dos bronces y dos medallas de chocolate.<\/p>\n<p><strong>Beatriz Manso<\/strong>, que est\u00e1 retomando el arco despu\u00e9s del intervalo universitario, demostr\u00f3 la arquera que fue al subir a lo m\u00e1s alto del podio en arco recurvo femenino, y estuvo muy bien acompa\u00f1ada por su compa\u00f1era de club <strong>Henar Quintano<\/strong> que con compiti\u00f3 con mucho pundonor dado que ten\u00eda la mu\u00f1eca izquierda con una distensi\u00f3n de ligamento y a\u00fan as\u00ed logr\u00f3 el bronce.<\/p>\n<p>El arco recurvo masculino absoluto estuvo muy re\u00f1ido de principio a fin. En esta ri\u00f1a el enfrentamiento m\u00e1s duro deportiva y emocionalmente fue entre los dos compa\u00f1eros del club zamorano: <strong>Ramiro Portales<\/strong> y <strong>Jos\u00e9 Manuel Quintano<\/strong> que empataron a 5 y tuvieron que desempatar a una flecha en la que cara fue Ramiro con un diez y la cruz para Quintano con un nueve. Mas igualado imposible. En este podio el oro fue para el salmantino <strong>Daniel Medina<\/strong>,&nbsp; la plata para el zamorano <strong>Jos\u00e9 Luis Delgado<\/strong>, que est\u00e1 en un gran momento de forma demostrando una regularidad tremenda de principio a fin, y el bronce para <strong>Ramiro Portales<\/strong> que siempre hace gala de su experiencia y su participaci\u00f3n es un seguro para el club.<\/p>\n<p>En la categor\u00eda absoluta tambi\u00e9n se llevar\u00eda diploma al cuarto <strong>Mati Pe\u00f1a<\/strong> en arco compuesto que aunque hab\u00eda quedado tercera en el round clasificatorio no pudo refrendar esa posici\u00f3n final.<\/p>\n<p>La junior <strong>Raquel Gonz\u00e1lez<\/strong>, despu\u00e9s de una eliminatoria final de infarto en la que con un 5-1 en contra logr\u00f3 empatar a 5, en la flecha de desempate con la tranquilidad que la caracteriza lanz\u00f3 un 9 frente al 7 de la su rival que le daba el oro y con \u00e9l revalidar el t\u00edtulo del a\u00f1o pasado.<\/p>\n<p>Otro junior, <strong>Jorge \u00c1lvarez<\/strong>, que acud\u00eda en buen momento de forma, aspiraba al oro pero no pudo ser y se trajo para Zamora la plata.<\/p>\n<p>Jorge, Raquel y Mati acudir\u00e1n este fin de semana a Marina D\u2019Or a disputar el campeonato de Espa\u00f1a Junior los primeros y el absoluto Mati.<\/p>\n<p>Enorme satisfacci\u00f3n en el club por los resultados obtenidos en esta edici\u00f3n de la m\u00e1xima competici\u00f3n territorial.<\/p>\n<p style=\"text-align: center;\"><a href=\"http:\/\/www.arqueroszamora.es\/wp-content\/uploads\/2020\/02\/TerritorialSalaAbs_2020.pdf\" target=\"_blank\" rel=\"noopener noreferrer\">RESULTADOS<\/a><\/p>\n<div id=\"attachment_1971\" style=\"width: 675px\" class=\"wp-caption aligncenter\"><a href=\"http:\/\/www.arqueroszamora.es\/wp-content\/uploads\/2020\/02\/medallistas-senior-y-junior.jpg\" target=\"_blank\" rel=\"noopener noreferrer\"><img loading=\"lazy\" decoding=\"async\" aria-describedby=\"caption-attachment-1971\" class=\"wp-image-1971 size-large\" src=\"http:\/\/www.arqueroszamora.es\/wp-content\/uploads\/2020\/02\/medallistas-senior-y-junior-1024x768.jpg\" alt=\"\" width=\"665\" height=\"499\" srcset=\"http:\/\/www.arqueroszamora.es\/wp-content\/uploads\/2020\/02\/medallistas-senior-y-junior.jpg 1024w, http:\/\/www.arqueroszamora.es\/wp-content\/uploads\/2020\/02\/medallistas-senior-y-junior-300x225.jpg 300w, http:\/\/www.arqueroszamora.es\/wp-content\/uploads\/2020\/02\/medallistas-senior-y-junior-768x576.jpg 768w, http:\/\/www.arqueroszamora.es\/wp-content\/uploads\/2020\/02\/medallistas-senior-y-junior-660x495.jpg 660w\" sizes=\"auto, (max-width: 665px) 100vw, 665px\" \/><\/a><p id=\"caption-attachment-1971\" class=\"wp-caption-text\">Iv\u00e1n, Jose Luis, Ramiro, Jorge, Mati, Beatriz, Henar y Raquel<\/p><\/div>\n<p>&nbsp;<\/p>\n<p>&nbsp;<\/p>\n","protected":false},"excerpt":{"rendered":"<p>EDADES Y CADETES Fin de semana intenso&nbsp; para el CD Arqueros Zamora Reny Picot que acudi\u00f3 a Le\u00f3n para disputar el s\u00e1bado el campeonato territorial de Menores y Cadetes y el domingo el junior y Absoluto. Acudieron un total de 15 menores y cadetes acompa\u00f1ados de 3 entrenadores&nbsp; y 16 junior y senior desde la\u2026 <span class=\"read-more\"><a href=\"http:\/\/www.arqueroszamora.es\/index.php\/2020\/02\/05\/1969-2\/\">Leer m\u00e1s &raquo;<\/a><\/span><\/p>\n","protected":false},"author":1,"featured_media":1971,"comment_status":"closed","ping_status":"open","sticky":false,"template":"","format":"standard","meta":{"footnotes":""},"categories":[4],"tags":[],"class_list":["post-1969","post","type-post","status-publish","format-standard","has-post-thumbnail","hentry","category-competiciones"],"_links":{"self":[{"href":"http:\/\/www.arqueroszamora.es\/index.php\/wp-json\/wp\/v2\/posts\/1969","targetHints":{"allow":["GET"]}}],"collection":[{"href":"http:\/\/www.arqueroszamora.es\/index.php\/wp-json\/wp\/v2\/posts"}],"about":[{"href":"http:\/\/www.arqueroszamora.es\/index.php\/wp-json\/wp\/v2\/types\/post"}],"author":[{"embeddable":true,"href":"http:\/\/www.arqueroszamora.es\/index.php\/wp-json\/wp\/v2\/users\/1"}],"replies":[{"embeddable":true,"href":"http:\/\/www.arqueroszamora.es\/index.php\/wp-json\/wp\/v2\/comments?post=1969"}],"version-history":[{"count":0,"href":"http:\/\/www.arqueroszamora.es\/index.php\/wp-json\/wp\/v2\/posts\/1969\/revisions"}],"wp:featuredmedia":[{"embeddable":true,"href":"http:\/\/www.arqueroszamora.es\/index.php\/wp-json\/wp\/v2\/media\/1971"}],"wp:attachment":[{"href":"http:\/\/www.arqueroszamora.es\/index.php\/wp-json\/wp\/v2\/media?parent=1969"}],"wp:term":[{"taxonomy":"category","embeddable":true,"href":"http:\/\/www.arqueroszamora.es\/index.php\/wp-json\/wp\/v2\/categories?post=1969"},{"taxonomy":"post_tag","embeddable":true,"href":"http:\/\/www.arqueroszamora.es\/index.php\/wp-json\/wp\/v2\/tags?post=1969"}],"curies":[{"name":"wp","href":"https:\/\/api.w.org\/{rel}","templated":true}]}}