{"id":1975,"date":"2020-02-05T18:44:15","date_gmt":"2020-02-05T18:44:15","guid":{"rendered":"http:\/\/www.arqueroszamora.es\/?p=1975"},"modified":"2023-01-18T10:52:55","modified_gmt":"2023-01-18T10:52:55","slug":"campeonato-de-espana-marina-dor-2020","status":"publish","type":"post","link":"http:\/\/www.arqueroszamora.es\/index.php\/2020\/02\/05\/campeonato-de-espana-marina-dor-2020\/","title":{"rendered":"CAMPEONATO DE ESPA\u00d1A. MARINA D&#8217;OR 2020."},"content":{"rendered":"<p>A lo largo del fin de semana pasado se celebr\u00f3 en Marina D\u2019Or el <strong>Campeonato de Espa\u00f1a de Sala individual y por equipos de comunidades aut\u00f3nomas<\/strong>. A \u00e9l asistieron m\u00e1s de 700 arqueros de entre las categor\u00edas Menores de 14 a\u00f1os y senior y de las modalidades Recurvo, Compuesto, Tradicional y Desnudo. Desde el C. D Arqueros Zamora acudieron los junior <strong>Raquel Gonz\u00e1lez<\/strong> y <strong>Jorge \u00c1lvarez<\/strong> y los senior <strong>Manuel Artime<\/strong> y <strong>Mati Pe\u00f1a<\/strong> acompa\u00f1ados del entrenador <strong>Daniel Garc\u00eda<\/strong>.<\/p>\n<p>Los junior comenzaron su actuaci\u00f3n el jueves por la tarde y no les acompa\u00f1\u00f3 mucho la suerte. Estuvieron excesivamente ansiosos por hacer una buena marca que les situase en buenas posiciones de cara a las eliminatorias y fue esto precisamente lo que les lastr\u00f3. Los dos hicieron un clasificatorio discreto aunque suficiente para entrar en las eliminatorias. En ellas no cambi\u00f3 la din\u00e1mica inicial y cayeron los dos en dieciseisavos quedando ambos en el puesto 17.<a href=\"http:\/\/www.arqueroszamora.es\/wp-content\/uploads\/2020\/02\/Deportistas-zamoranos-en-el-campeonato-de-Espa\u00f1a..jpg\"><img loading=\"lazy\" decoding=\"async\" class=\"alignright wp-image-1973\" src=\"http:\/\/www.arqueroszamora.es\/wp-content\/uploads\/2020\/02\/Deportistas-zamoranos-en-el-campeonato-de-Espa\u00f1a.-1024x683.jpg\" alt=\"\" width=\"400\" height=\"267\" srcset=\"http:\/\/www.arqueroszamora.es\/wp-content\/uploads\/2020\/02\/Deportistas-zamoranos-en-el-campeonato-de-Espa\u00f1a..jpg 1024w, http:\/\/www.arqueroszamora.es\/wp-content\/uploads\/2020\/02\/Deportistas-zamoranos-en-el-campeonato-de-Espa\u00f1a.-300x200.jpg 300w, http:\/\/www.arqueroszamora.es\/wp-content\/uploads\/2020\/02\/Deportistas-zamoranos-en-el-campeonato-de-Espa\u00f1a.-768x512.jpg 768w, http:\/\/www.arqueroszamora.es\/wp-content\/uploads\/2020\/02\/Deportistas-zamoranos-en-el-campeonato-de-Espa\u00f1a.-660x440.jpg 660w\" sizes=\"auto, (max-width: 400px) 100vw, 400px\" \/><\/a><\/p>\n<p>Los senior comenzaron el viernes por ma\u00f1ana. Ni <strong>Mati<\/strong> ni <strong>Manuel<\/strong> encontraron buenas sensaciones y rindieron por debajo de sus posibilidades.<strong> Mati<\/strong> quiz\u00e1 estuvo demasiado pendiente de hacer puntos que la metieran en el equipo de Castilla y Le\u00f3n para disputar el Campeonato de Espa\u00f1a por comunidades y este objetivo la condicion\u00f3 hasta el punto de no lograrlo. <strong>Manuel<\/strong> no pudo acceder a las eliminatorias. <strong>Mati<\/strong> s\u00ed. En su primera eliminatoria contra la manchega <strong>Ana Rodr\u00edguez<\/strong>. Hizo cuatro buenas entradas aunque segu\u00eda a un punto de la rival. En la \u00faltima entrada logr\u00f3 remontarle dos puntos y lograr el pase a octavos donde se enfrentar\u00eda contra la toledana <strong>Luc\u00eda Alejo<\/strong> que estuvo algo imprecisa en algunos momentos. <strong>Mati<\/strong>, algo m\u00e1s floja que en la eliminatoria anterior, no supo aprovechar esas indecisiones de la rival y finalmente perdi\u00f3 siendo su posici\u00f3n final novena. <strong>Luc\u00eda<\/strong> llegar\u00eda a la final y la ganar\u00eda.<\/p>\n<p>La \u00faltima actuaci\u00f3n de <strong>Mati<\/strong> ser\u00eda como capitana con el equipo de Castilla y Le\u00f3n femenino de arco compuesto que finalmente se har\u00eda con el bronce. Por su parte <strong>Daniel Garc\u00eda<\/strong> tambi\u00e9n ejerc\u00eda como capit\u00e1n con el equipo castellano y leon\u00e9s masculino de arco compuesto que tambi\u00e9n consigui\u00f3 el bronce.<\/p>\n<p>Sabor agridulce para los zamoranos en un campeonato que brill\u00f3 por la buena organizaci\u00f3n y la tremenda calidad de los arqueros asistentes en todas las categor\u00edas. Calidad que aumenta ostensiblemente a\u00f1o tras a\u00f1o de forma que ya hay muchos arqueros que est\u00e1n muy cerca de conseguir pleno de dieces en el clasificatorio; esto era algo impensable hace diez a\u00f1os.<\/p>\n<div id=\"attachment_1974\" style=\"width: 675px\" class=\"wp-caption aligncenter\"><a href=\"http:\/\/www.arqueroszamora.es\/wp-content\/uploads\/2020\/02\/Equipos-de-Castilla-y-Le\u00f3n-de-arco-compuesto-masculino-y-femenino.jpg\"><img loading=\"lazy\" decoding=\"async\" aria-describedby=\"caption-attachment-1974\" class=\"size-large wp-image-1974\" src=\"http:\/\/www.arqueroszamora.es\/wp-content\/uploads\/2020\/02\/Equipos-de-Castilla-y-Le\u00f3n-de-arco-compuesto-masculino-y-femenino-1024x768.jpg\" alt=\"\" width=\"665\" height=\"499\" srcset=\"http:\/\/www.arqueroszamora.es\/wp-content\/uploads\/2020\/02\/Equipos-de-Castilla-y-Le\u00f3n-de-arco-compuesto-masculino-y-femenino.jpg 1024w, http:\/\/www.arqueroszamora.es\/wp-content\/uploads\/2020\/02\/Equipos-de-Castilla-y-Le\u00f3n-de-arco-compuesto-masculino-y-femenino-300x225.jpg 300w, http:\/\/www.arqueroszamora.es\/wp-content\/uploads\/2020\/02\/Equipos-de-Castilla-y-Le\u00f3n-de-arco-compuesto-masculino-y-femenino-768x576.jpg 768w, http:\/\/www.arqueroszamora.es\/wp-content\/uploads\/2020\/02\/Equipos-de-Castilla-y-Le\u00f3n-de-arco-compuesto-masculino-y-femenino-660x495.jpg 660w\" sizes=\"auto, (max-width: 665px) 100vw, 665px\" \/><\/a><p id=\"caption-attachment-1974\" class=\"wp-caption-text\">Equipos auton\u00f3micos de arco compuesto<\/p><\/div>\n","protected":false},"excerpt":{"rendered":"<p>A lo largo del fin de semana pasado se celebr\u00f3 en Marina D\u2019Or el Campeonato de Espa\u00f1a de Sala individual y por equipos de comunidades aut\u00f3nomas. A \u00e9l asistieron m\u00e1s de 700 arqueros de entre las categor\u00edas Menores de 14 a\u00f1os y senior y de las modalidades Recurvo, Compuesto, Tradicional y Desnudo. Desde el C.\u2026 <span class=\"read-more\"><a href=\"http:\/\/www.arqueroszamora.es\/index.php\/2020\/02\/05\/campeonato-de-espana-marina-dor-2020\/\">Leer m\u00e1s &raquo;<\/a><\/span><\/p>\n","protected":false},"author":5,"featured_media":1972,"comment_status":"closed","ping_status":"open","sticky":false,"template":"","format":"standard","meta":{"footnotes":""},"categories":[4],"tags":[],"class_list":["post-1975","post","type-post","status-publish","format-standard","has-post-thumbnail","hentry","category-competiciones"],"_links":{"self":[{"href":"http:\/\/www.arqueroszamora.es\/index.php\/wp-json\/wp\/v2\/posts\/1975","targetHints":{"allow":["GET"]}}],"collection":[{"href":"http:\/\/www.arqueroszamora.es\/index.php\/wp-json\/wp\/v2\/posts"}],"about":[{"href":"http:\/\/www.arqueroszamora.es\/index.php\/wp-json\/wp\/v2\/types\/post"}],"author":[{"embeddable":true,"href":"http:\/\/www.arqueroszamora.es\/index.php\/wp-json\/wp\/v2\/users\/5"}],"replies":[{"embeddable":true,"href":"http:\/\/www.arqueroszamora.es\/index.php\/wp-json\/wp\/v2\/comments?post=1975"}],"version-history":[{"count":0,"href":"http:\/\/www.arqueroszamora.es\/index.php\/wp-json\/wp\/v2\/posts\/1975\/revisions"}],"wp:featuredmedia":[{"embeddable":true,"href":"http:\/\/www.arqueroszamora.es\/index.php\/wp-json\/wp\/v2\/media\/1972"}],"wp:attachment":[{"href":"http:\/\/www.arqueroszamora.es\/index.php\/wp-json\/wp\/v2\/media?parent=1975"}],"wp:term":[{"taxonomy":"category","embeddable":true,"href":"http:\/\/www.arqueroszamora.es\/index.php\/wp-json\/wp\/v2\/categories?post=1975"},{"taxonomy":"post_tag","embeddable":true,"href":"http:\/\/www.arqueroszamora.es\/index.php\/wp-json\/wp\/v2\/tags?post=1975"}],"curies":[{"name":"wp","href":"https:\/\/api.w.org\/{rel}","templated":true}]}}