{"id":2116,"date":"2023-02-14T12:16:34","date_gmt":"2023-02-14T12:16:34","guid":{"rendered":"http:\/\/www.arqueroszamora.es\/?p=2116"},"modified":"2023-02-14T12:19:36","modified_gmt":"2023-02-14T12:19:36","slug":"actuacion-sobresaliente-del-cd-arqueros-zamora-en-el-campeonato-de-espana-de-sala","status":"publish","type":"post","link":"http:\/\/www.arqueroszamora.es\/index.php\/2023\/02\/14\/actuacion-sobresaliente-del-cd-arqueros-zamora-en-el-campeonato-de-espana-de-sala\/","title":{"rendered":"ACTUACI\u00d3N SOBRESALIENTE DEL CD. ARQUEROS ZAMORA EN EL CAMPEONATO DE ESPA\u00d1A DE SALA."},"content":{"rendered":"\n<figure class=\"wp-block-image size-large is-style-default\"><img loading=\"lazy\" decoding=\"async\" width=\"1024\" height=\"768\" src=\"http:\/\/www.arqueroszamora.es\/wp-content\/uploads\/2023\/02\/Los-doble-medallistas-junto-a-su-tecnico..jpg\" alt=\"\" class=\"wp-image-2117\" srcset=\"http:\/\/www.arqueroszamora.es\/wp-content\/uploads\/2023\/02\/Los-doble-medallistas-junto-a-su-tecnico..jpg 1024w, http:\/\/www.arqueroszamora.es\/wp-content\/uploads\/2023\/02\/Los-doble-medallistas-junto-a-su-tecnico.-300x225.jpg 300w, http:\/\/www.arqueroszamora.es\/wp-content\/uploads\/2023\/02\/Los-doble-medallistas-junto-a-su-tecnico.-768x576.jpg 768w, http:\/\/www.arqueroszamora.es\/wp-content\/uploads\/2023\/02\/Los-doble-medallistas-junto-a-su-tecnico.-660x495.jpg 660w\" sizes=\"auto, (max-width: 1024px) 100vw, 1024px\" \/><\/figure>\n\n\n\n<p>El recinto ferial de Valladolid acogi\u00f3 desde el viernes hasta el domingo el campeonato de Espa\u00f1a de Sala desde categor\u00eda Infantil hasta senior.<\/p>\n\n\n\n<p>Como era de esperar el CD. Arqueros Zamora particip\u00f3 en el evento desplazando a nueve tiradores: los infantiles <strong>Jara Bartolom\u00e9<\/strong>, <strong>Rodrigo Crist\u00f3bal<\/strong> y <strong>Alejandro Moralejo<\/strong>; en cadetes fueron <strong>Olivia Lorenzo<\/strong> y <strong>Enma Piedra<\/strong>; <strong>Luc\u00eda Barroso<\/strong> e <strong>Isabel Crist\u00f3bal<\/strong> representaron a los junior; <strong>Beatriz Manso<\/strong> y <strong>Mario Diaz<\/strong> a los senior. Todos ellos con arco recurvo menos <strong>Mario<\/strong> que compiti\u00f3 con arco compuesto. Estuvieron con ellos como t\u00e9cnicos acreditados <strong>Daniel Garc\u00eda<\/strong> y <strong>Beatriz Manso<\/strong>.<\/p>\n\n\n\n<div class=\"wp-block-image\"><figure class=\"alignright size-large is-resized\"><img loading=\"lazy\" decoding=\"async\" src=\"http:\/\/www.arqueroszamora.es\/wp-content\/uploads\/2023\/02\/expediccion-zamonara-de-menores-junto-a-sus-tecnicos-en-el-campeonato-1024x768.jpg\" alt=\"\" class=\"wp-image-2118\" width=\"379\" height=\"285\" srcset=\"http:\/\/www.arqueroszamora.es\/wp-content\/uploads\/2023\/02\/expediccion-zamonara-de-menores-junto-a-sus-tecnicos-en-el-campeonato-1024x768.jpg 1024w, http:\/\/www.arqueroszamora.es\/wp-content\/uploads\/2023\/02\/expediccion-zamonara-de-menores-junto-a-sus-tecnicos-en-el-campeonato-300x225.jpg 300w, http:\/\/www.arqueroszamora.es\/wp-content\/uploads\/2023\/02\/expediccion-zamonara-de-menores-junto-a-sus-tecnicos-en-el-campeonato-768x576.jpg 768w, http:\/\/www.arqueroszamora.es\/wp-content\/uploads\/2023\/02\/expediccion-zamonara-de-menores-junto-a-sus-tecnicos-en-el-campeonato-1536x1152.jpg 1536w, http:\/\/www.arqueroszamora.es\/wp-content\/uploads\/2023\/02\/expediccion-zamonara-de-menores-junto-a-sus-tecnicos-en-el-campeonato-2048x1536.jpg 2048w, http:\/\/www.arqueroszamora.es\/wp-content\/uploads\/2023\/02\/expediccion-zamonara-de-menores-junto-a-sus-tecnicos-en-el-campeonato-660x495.jpg 660w\" sizes=\"auto, (max-width: 379px) 100vw, 379px\" \/><figcaption>Participantes del club en el Campeonato <\/figcaption><\/figure><\/div>\n\n\n\n<p>El club ha brillado en este campeonato con <strong>Jara <\/strong>y<strong> Rodrigo<\/strong>, que lograron traer para Zamora dos metales cada uno: un oro y un bronce individuales y una plata en equipos mixtos.<\/p>\n\n\n\n<p>El campeonato comenz\u00f3 el viernes a las 8:45 de la ma\u00f1ana para todos menos para los senior, todos a 18m. de distancia. Los infantiles sobre diana de 40cm del 5 al 10 y los dem\u00e1s sobre diana triple de 20 cm. del 6 al 10<\/p>\n\n\n\n<p><strong>Jara Bartolom\u00e9<\/strong> hizo muy buena clasificatoria, 572 puntos, que supone record de Castilla y Le\u00f3n y que le daban pase como mejor chica de Castilla y Le\u00f3n para formar equipo mixto de la comunidad junto a su compa\u00f1ero<strong> Rodrigo Crist\u00f3bal<\/strong>, tambi\u00e9n mejor chico de Castilla y Le\u00f3n con 565 puntos ( el s\u00e1bado pasado, en el campeonato provincial bati\u00f3 el record de Castilla y Le\u00f3n con 582 puntos). Adem\u00e1s los dos entraban a formar parte de los equipos femenino y masculino de la comunidad.<\/p>\n\n\n\n<p>Tanto <strong>Jara<\/strong> como <strong>Rodrigo<\/strong>, en los enfrentamientos de eliminatorias individuales desde dieciseisavos, fueron eliminando rivales, muy fuertes, con una solvencia tremenda haciendo puntuaciones excelentes que les llevaron a plantarse en las semifinales. En \u00e9stas <strong>Jara<\/strong> venci\u00f3 de nuevo claramente y se plantaba en la final por el oro, <strong>oro<\/strong> que volvi\u00f3 a ganar con una facilidad pasmosa con lanzamientos excelsos. Campeona de Espa\u00f1a, sin olvidar que esta joven arquera lleva practicando este deporte s\u00f3lo quince meses. <strong>Rodrigo<\/strong> perdi\u00f3 en semis con marcador apretado y se vio obligado a pelear por el bronce frente a un gran arquero aquero balear al que logr\u00f3 vencer en la flecha de desempate despu\u00e9s de un apretado 5-5.<strong> Bronce<\/strong> merecid\u00edsimo para <strong>Rodrigo<\/strong> que supo rehacerse de dos nulos en las tandas clasificatorias por falta de concentraci\u00f3n al intentar bajar el arco con la flecha.<\/p>\n\n\n\n<p>En el campeonato de equipos mixtos <strong>Jara<\/strong> y <strong>Rodrigo<\/strong>, de nuevo intratables, fueron eliminando equipos con una gran confianza en s\u00ed mismos. Se plantaron en la final frente a un potente equipo balear contra el que bajaron un poco el nivel lo que les cost\u00f3 perder el oro. <strong>Plata <\/strong>muy buena y muy merecida.<\/p>\n\n\n\n<div class=\"wp-block-image\"><figure class=\"alignleft size-large is-resized\"><img loading=\"lazy\" decoding=\"async\" src=\"http:\/\/www.arqueroszamora.es\/wp-content\/uploads\/2023\/02\/podio-equipo-mixto-con-Jara-y-Rodrigo.jpg\" alt=\"\" class=\"wp-image-2119\" width=\"376\" height=\"282\" srcset=\"http:\/\/www.arqueroszamora.es\/wp-content\/uploads\/2023\/02\/podio-equipo-mixto-con-Jara-y-Rodrigo.jpg 1024w, http:\/\/www.arqueroszamora.es\/wp-content\/uploads\/2023\/02\/podio-equipo-mixto-con-Jara-y-Rodrigo-300x225.jpg 300w, http:\/\/www.arqueroszamora.es\/wp-content\/uploads\/2023\/02\/podio-equipo-mixto-con-Jara-y-Rodrigo-768x576.jpg 768w, http:\/\/www.arqueroszamora.es\/wp-content\/uploads\/2023\/02\/podio-equipo-mixto-con-Jara-y-Rodrigo-660x495.jpg 660w\" sizes=\"auto, (max-width: 376px) 100vw, 376px\" \/><\/figure><\/div>\n\n\n\n<p>A\u00fan quedaba para ellos el campeonato de equipos auton\u00f3micos, formado por las tres mejores marcas clasificatorias. El equipo masculino, formado por los zamoranos <strong>Rodrigo<\/strong> y <strong>Alejandro Moralejo<\/strong> ( otro infantil, de primer a\u00f1o, que brill\u00f3 alto a pesar de lesionarse en el calentamiento pero que no quiso dejar de competir, consiguiendo unos fenomenales 540 puntos) y el vallisoletano <strong>Adri\u00e1n<\/strong>, de Arcolid. Llegaron a cuartos y de ah\u00ed no pudieron pasar conform\u00e1ndose con <strong>un quinto puesto<\/strong>. El de chicas formado por <strong>Jara<\/strong>, <strong>Noa<\/strong> y <strong>Paula Prieto<\/strong> que, al igual que los chicos, fueron derrotados en cuartos quedando quintas.<\/p>\n\n\n\n<p>En cadetes la mejor fue <strong>Olivia<\/strong> que consigui\u00f3 la segunda mejor marca de la temporada y con ella la mejor de las castellano y leonesas que la meti\u00f3 en el equipo auton\u00f3mico junto con la salmantina<strong> Claudia<\/strong> y la vallisoletana <strong>Yara<\/strong>. Las tres juntas llegaron a semifinales contra la poderosa Madrid que las derrot\u00f3. En la pelea por el bronce toc\u00f3 otro hueso, Andaluc\u00eda, que tampoco le di\u00f3 opci\u00f3n. Medalla de chocolate para ellas, un resultado bueno viendo el nivel exhibido por las contrincantes.<\/p>\n\n\n\n<p>A t\u00edtulo particular <strong>Olivia<\/strong> lleg\u00f3 hasta octavos ah\u00ed acab\u00f3 su andadura consiguiendo un noveno puesto final que dej\u00f3 buen sabor porque a priori estar entre las diez mejores era el objetivo,<\/p>\n\n\n\n<p><strong>Enma<\/strong>, la otra cadete, no tuvo buen d\u00eda, no logr\u00f3 entrar mentalmente en competici\u00f3n y no pudo entrar en las eliminatorias.<\/p>\n\n\n\n<p>Las junior <strong>Isabel<\/strong> y <strong>Luc\u00eda<\/strong> hicieron buena clasificatoria, especialmente <strong>Luc\u00eda<\/strong> que con 526 puntos consegu\u00eda la mejor marca personal y de las castellano y leonesas que la met\u00eda en el equipo auton\u00f3mico mixto, pero que por decisi\u00f3n t\u00e9cnica del director de tecnificaci\u00f3n deportiva de la FTACYL, inscrib\u00eda a la salmantina <strong>Andrea Garc\u00eda<\/strong>. En las eliminatorias individuales de dieciseisavos ca\u00eda eliminada frente a la representante c\u00e1ntabra. Fue de esas eliminatorias que la puede ganar cualquiera y s\u00f3lo la suerte decide, y la surte se fue con la rival. Su puesto final la 17\u00aa. Pero se fue con muy buenas sensaciones y felicitada por entrenador nacional, el mejicano <strong>Ren\u00e9 Palacios<\/strong>, que reconoci\u00f3 el gran trabajo que ha llevado a cabo en dos meses.<\/p>\n\n\n\n<p><strong>Isabel Crist\u00f3bal<\/strong>, compiti\u00f3 muy bien, su objetivo era hacerlo sin bloquearse mentalmente y lo hizo. Logr\u00f3 entrar en eliminatorias y tambi\u00e9n cay\u00f3 en dieciseisavos. Termin\u00f3 la 17\u00aa. Se fue satisfecha y sabiendo que est\u00e1 en el buen camino.<\/p>\n\n\n\n<p>Los senior no pudieron pasar el corte y acabaron su andadura en el puesto 36 <strong>Beatriz<\/strong> y en el 87 <strong>Mario<\/strong>.<\/p>\n\n\n\n<p>A estos resultados hay que a\u00f1adir que <strong>Luc\u00eda<\/strong>, <strong>Jara<\/strong> y <strong>Alejandro<\/strong> consiguieron m\u00ednima para estar en el Centro de Tecnificaci\u00f3n Deportiva de Castilla y Le\u00f3n la pr\u00f3xima temporada. <strong>Olivia<\/strong> ya lo hab\u00eda conseguido.<\/p>\n\n\n\n<p>Enorme satisfacci\u00f3n en el club zamorano, modesto en masa social pero que siempre da la talla, por los resultados obtenidos que dar\u00e1n mucha moral para seguir trabajando con la cantera y los adultos.<\/p>\n","protected":false},"excerpt":{"rendered":"<p>El recinto ferial de Valladolid acogi\u00f3 desde el viernes hasta el domingo el campeonato de Espa\u00f1a de Sala desde categor\u00eda Infantil hasta senior. Como era de esperar el CD. Arqueros Zamora particip\u00f3 en el evento desplazando a nueve tiradores: los infantiles Jara Bartolom\u00e9, Rodrigo Crist\u00f3bal y Alejandro Moralejo; en cadetes fueron Olivia Lorenzo y Enma\u2026 <span class=\"read-more\"><a href=\"http:\/\/www.arqueroszamora.es\/index.php\/2023\/02\/14\/actuacion-sobresaliente-del-cd-arqueros-zamora-en-el-campeonato-de-espana-de-sala\/\">Leer m\u00e1s &raquo;<\/a><\/span><\/p>\n","protected":false},"author":1,"featured_media":2117,"comment_status":"closed","ping_status":"open","sticky":false,"template":"","format":"standard","meta":{"footnotes":""},"categories":[4],"tags":[],"class_list":["post-2116","post","type-post","status-publish","format-standard","has-post-thumbnail","hentry","category-competiciones"],"_links":{"self":[{"href":"http:\/\/www.arqueroszamora.es\/index.php\/wp-json\/wp\/v2\/posts\/2116","targetHints":{"allow":["GET"]}}],"collection":[{"href":"http:\/\/www.arqueroszamora.es\/index.php\/wp-json\/wp\/v2\/posts"}],"about":[{"href":"http:\/\/www.arqueroszamora.es\/index.php\/wp-json\/wp\/v2\/types\/post"}],"author":[{"embeddable":true,"href":"http:\/\/www.arqueroszamora.es\/index.php\/wp-json\/wp\/v2\/users\/1"}],"replies":[{"embeddable":true,"href":"http:\/\/www.arqueroszamora.es\/index.php\/wp-json\/wp\/v2\/comments?post=2116"}],"version-history":[{"count":0,"href":"http:\/\/www.arqueroszamora.es\/index.php\/wp-json\/wp\/v2\/posts\/2116\/revisions"}],"wp:featuredmedia":[{"embeddable":true,"href":"http:\/\/www.arqueroszamora.es\/index.php\/wp-json\/wp\/v2\/media\/2117"}],"wp:attachment":[{"href":"http:\/\/www.arqueroszamora.es\/index.php\/wp-json\/wp\/v2\/media?parent=2116"}],"wp:term":[{"taxonomy":"category","embeddable":true,"href":"http:\/\/www.arqueroszamora.es\/index.php\/wp-json\/wp\/v2\/categories?post=2116"},{"taxonomy":"post_tag","embeddable":true,"href":"http:\/\/www.arqueroszamora.es\/index.php\/wp-json\/wp\/v2\/tags?post=2116"}],"curies":[{"name":"wp","href":"https:\/\/api.w.org\/{rel}","templated":true}]}}