{"id":2126,"date":"2023-04-19T06:54:22","date_gmt":"2023-04-19T06:54:22","guid":{"rendered":"http:\/\/www.arqueroszamora.es\/?p=2126"},"modified":"2023-04-19T06:55:18","modified_gmt":"2023-04-19T06:55:18","slug":"3a-jornada-liga-territorial","status":"publish","type":"post","link":"http:\/\/www.arqueroszamora.es\/index.php\/2023\/04\/19\/3a-jornada-liga-territorial\/","title":{"rendered":"3\u00aa JORNADA. LIGA TERRITORIAL"},"content":{"rendered":"\n<div class=\"wp-block-image\"><figure class=\"aligncenter\"><a href=\"http:\/\/www.arqueroszamora.es\/wp-content\/uploads\/2023\/04\/arqueros-zamoranos-en-la-tercera-jornada-de-liga.jpg\"><img loading=\"lazy\" decoding=\"async\" width=\"1024\" height=\"768\" src=\"http:\/\/www.arqueroszamora.es\/wp-content\/uploads\/2023\/04\/arqueros-zamoranos-en-la-tercera-jornada-de-liga.jpg\" alt=\"\" class=\"wp-image-2127\" srcset=\"http:\/\/www.arqueroszamora.es\/wp-content\/uploads\/2023\/04\/arqueros-zamoranos-en-la-tercera-jornada-de-liga.jpg 1024w, http:\/\/www.arqueroszamora.es\/wp-content\/uploads\/2023\/04\/arqueros-zamoranos-en-la-tercera-jornada-de-liga-300x225.jpg 300w, http:\/\/www.arqueroszamora.es\/wp-content\/uploads\/2023\/04\/arqueros-zamoranos-en-la-tercera-jornada-de-liga-768x576.jpg 768w, http:\/\/www.arqueroszamora.es\/wp-content\/uploads\/2023\/04\/arqueros-zamoranos-en-la-tercera-jornada-de-liga-660x495.jpg 660w\" sizes=\"auto, (max-width: 1024px) 100vw, 1024px\" \/><\/a><\/figure><\/div>\n\n\n\n<p class=\"has-text-align-left\">La cantera del tiro con arco zamorano sigue dando frutos. En esta ocasi\u00f3n ha sido en la 3\u00aa jornada, al aire libre, de liga territorial de tiro con arco de menores celebrada en Valladolid el domingo pasado.<br>Desde el Club Arqueros Zamora acudieron once j\u00f3venes deportistas: <strong>Hugo Baladr\u00f3n, \u00c1lvaro Ponte, Alejandro Moralejo, Rodrigo Crist\u00f3bal, Jara Bartolom\u00e9, Enma Piedra, Olivia Lorenzo, Jos\u00e9 Dom\u00ednguez, Antonio Fern\u00e1ndez, Isabel Crist\u00f3bal y Luc\u00eda Barroso<\/strong>, en categor\u00edas que fueron desde Benjam\u00edn a Junior.<br>Nuestros arqueros en la l\u00ednea de tiro ya marcan diferencia en el gesto t\u00e9cnico y en los resultados.<br><strong>Hugo, Rodrigo, Jara, Olivia y Luc\u00eda<\/strong> se alzaron de forma inapelable con el primer puesto y suman 25 valiosos puntos a su cuenta particular y a falta de una jornada se postulan como virtuales ganadores.<\/p>\n\n\n\n<div class=\"wp-block-image\"><figure class=\"alignright size-large is-resized\"><img loading=\"lazy\" decoding=\"async\" src=\"http:\/\/www.arqueroszamora.es\/wp-content\/uploads\/2023\/04\/aspecto-de-la-linea-de-tiro-1024x461.jpg\" alt=\"\" class=\"wp-image-2128\" width=\"430\" height=\"193\" srcset=\"http:\/\/www.arqueroszamora.es\/wp-content\/uploads\/2023\/04\/aspecto-de-la-linea-de-tiro-1024x461.jpg 1024w, http:\/\/www.arqueroszamora.es\/wp-content\/uploads\/2023\/04\/aspecto-de-la-linea-de-tiro-300x135.jpg 300w, http:\/\/www.arqueroszamora.es\/wp-content\/uploads\/2023\/04\/aspecto-de-la-linea-de-tiro-768x346.jpg 768w, http:\/\/www.arqueroszamora.es\/wp-content\/uploads\/2023\/04\/aspecto-de-la-linea-de-tiro-1536x691.jpg 1536w, http:\/\/www.arqueroszamora.es\/wp-content\/uploads\/2023\/04\/aspecto-de-la-linea-de-tiro-660x297.jpg 660w, http:\/\/www.arqueroszamora.es\/wp-content\/uploads\/2023\/04\/aspecto-de-la-linea-de-tiro.jpg 1600w\" sizes=\"auto, (max-width: 430px) 100vw, 430px\" \/><figcaption>L\u00ednea de tiro<\/figcaption><\/figure><\/div>\n\n\n\n<p class=\"has-text-align-left\"><strong>Alejandro, Enma y Jos\u00e9<\/strong> acabaron cuartos, dejando ambos muy buenas sensaciones. <strong>Antonio<\/strong> termin\u00f3 5, <strong>\u00c1lvaro<\/strong> 6\u00b0 e <strong>Isabel<\/strong> 9\u00aa.<br>Todos completaron una muy buena jornada, en la que, adem\u00e1s de los ganadores, <strong>Antonio, Enma y Jos\u00e9<\/strong> mejoraron ostensiblemente sus registros anteriores. Tanto <strong>\u00c1lvaro<\/strong> como <strong>Isabel<\/strong> est\u00e1n en la senda buena de cara a la \u00faltima jornada.<br>A nivel de clubes los zamoranos siguen siendo los primeros. En el club insisten en los objetivo: m\u00e1s b\u00e1sicos pero no menos importantes: disfrutar del deporte, trabajar y buscar la autosuperaci\u00f3n sin obsesiones.<\/p>\n","protected":false},"excerpt":{"rendered":"<p>La cantera del tiro con arco zamorano sigue dando frutos. En esta ocasi\u00f3n ha sido en la 3\u00aa jornada, al aire libre, de liga territorial de tiro con arco de menores celebrada en Valladolid el domingo pasado.Desde el Club Arqueros Zamora acudieron once j\u00f3venes deportistas: Hugo Baladr\u00f3n, \u00c1lvaro Ponte, Alejandro Moralejo, Rodrigo Crist\u00f3bal, Jara Bartolom\u00e9,\u2026 <span class=\"read-more\"><a href=\"http:\/\/www.arqueroszamora.es\/index.php\/2023\/04\/19\/3a-jornada-liga-territorial\/\">Leer m\u00e1s &raquo;<\/a><\/span><\/p>\n","protected":false},"author":1,"featured_media":2127,"comment_status":"closed","ping_status":"open","sticky":false,"template":"","format":"standard","meta":{"footnotes":""},"categories":[4],"tags":[],"class_list":["post-2126","post","type-post","status-publish","format-standard","has-post-thumbnail","hentry","category-competiciones"],"_links":{"self":[{"href":"http:\/\/www.arqueroszamora.es\/index.php\/wp-json\/wp\/v2\/posts\/2126","targetHints":{"allow":["GET"]}}],"collection":[{"href":"http:\/\/www.arqueroszamora.es\/index.php\/wp-json\/wp\/v2\/posts"}],"about":[{"href":"http:\/\/www.arqueroszamora.es\/index.php\/wp-json\/wp\/v2\/types\/post"}],"author":[{"embeddable":true,"href":"http:\/\/www.arqueroszamora.es\/index.php\/wp-json\/wp\/v2\/users\/1"}],"replies":[{"embeddable":true,"href":"http:\/\/www.arqueroszamora.es\/index.php\/wp-json\/wp\/v2\/comments?post=2126"}],"version-history":[{"count":0,"href":"http:\/\/www.arqueroszamora.es\/index.php\/wp-json\/wp\/v2\/posts\/2126\/revisions"}],"wp:featuredmedia":[{"embeddable":true,"href":"http:\/\/www.arqueroszamora.es\/index.php\/wp-json\/wp\/v2\/media\/2127"}],"wp:attachment":[{"href":"http:\/\/www.arqueroszamora.es\/index.php\/wp-json\/wp\/v2\/media?parent=2126"}],"wp:term":[{"taxonomy":"category","embeddable":true,"href":"http:\/\/www.arqueroszamora.es\/index.php\/wp-json\/wp\/v2\/categories?post=2126"},{"taxonomy":"post_tag","embeddable":true,"href":"http:\/\/www.arqueroszamora.es\/index.php\/wp-json\/wp\/v2\/tags?post=2126"}],"curies":[{"name":"wp","href":"https:\/\/api.w.org\/{rel}","templated":true}]}}