{"id":2146,"date":"2023-07-17T08:18:58","date_gmt":"2023-07-17T08:18:58","guid":{"rendered":"http:\/\/www.arqueroszamora.es\/?p=2146"},"modified":"2023-07-17T08:18:58","modified_gmt":"2023-07-17T08:18:58","slug":"campeonato-de-castilla-y-leon-2","status":"publish","type":"post","link":"http:\/\/www.arqueroszamora.es\/index.php\/2023\/07\/17\/campeonato-de-castilla-y-leon-2\/","title":{"rendered":"CAMPEONATO DE CASTILLA Y LE\u00d3N"},"content":{"rendered":"\n<figure class=\"wp-block-image size-full\"><img loading=\"lazy\" decoding=\"async\" width=\"1024\" height=\"768\" src=\"http:\/\/www.arqueroszamora.es\/wp-content\/uploads\/2023\/07\/expedicion-zamorana-de-los-menores.jpg\" alt=\"\" class=\"wp-image-2147\" srcset=\"http:\/\/www.arqueroszamora.es\/wp-content\/uploads\/2023\/07\/expedicion-zamorana-de-los-menores.jpg 1024w, http:\/\/www.arqueroszamora.es\/wp-content\/uploads\/2023\/07\/expedicion-zamorana-de-los-menores-300x225.jpg 300w, http:\/\/www.arqueroszamora.es\/wp-content\/uploads\/2023\/07\/expedicion-zamorana-de-los-menores-768x576.jpg 768w, http:\/\/www.arqueroszamora.es\/wp-content\/uploads\/2023\/07\/expedicion-zamorana-de-los-menores-660x495.jpg 660w\" sizes=\"auto, (max-width: 1024px) 100vw, 1024px\" \/><\/figure>\n\n\n\n<p>El fin de semana carg\u00f3 de medallas al C.D. ARQUEROS ZAMORA. Quince fueron los metales que se trajeron para Zamora los deportistas del club zamorano entre el Campeonato de Castilla y Le\u00f3n de Aire Libre celebrado en Valladolid y la Liga Territorial de Menores. Seis en Liga y nueve en el Campeonato.<\/p>\n\n\n\n<p><br>El s\u00e1bado por la ma\u00f1ana tiraron benjamines, alevines y cadetes de arco ol\u00edmpico y por la tarde tiraron los senior y veteranos de arco tradicional. El domingo por la ma\u00f1ana fue el turno de los junior y senior de arco ol\u00edmpico.<\/p>\n\n\n\n<p><br>Desde el club zamorano acudieron: <strong>Alba Prieto, Hugo Baladr\u00f3n<\/strong> como alevines; <strong>Alejandro Moralejo, Jara Bartolom\u00e9 y Rodrigo Crist\u00f3bal<\/strong> como infantiles; <strong>Olivia Cardona<\/strong> como cadete (tambi\u00e9n se present\u00f3 como junior); <strong>Antonio Fern\u00e1ndez, Jos\u00e9 Dom\u00ednguez y Olivia; Beatriz Manso, Benjam\u00edn Rodr\u00edguez y Manuel Artime<\/strong> como senior. Como t\u00e9cnicos asistentes estuvieron <strong>Beatriz Manso<\/strong> y <strong>Daniel Garc\u00eda<\/strong>.<br>Comenzaron el s\u00e1bado por la ma\u00f1ana las tandas clasificatorias con buena regularidad, salvo alguna excepci\u00f3n, que dejaban bastante bien situados a los nuestros de cara a las eliminatorias.<\/p>\n\n\n<div class=\"wp-block-image\">\n<figure class=\"alignleft size-full is-resized\"><img loading=\"lazy\" decoding=\"async\" src=\"http:\/\/www.arqueroszamora.es\/wp-content\/uploads\/2023\/07\/dobles-medallistas-categoria-menores-del-sabado.jpg\" alt=\"\" class=\"wp-image-2148\" width=\"362\" height=\"272\" srcset=\"http:\/\/www.arqueroszamora.es\/wp-content\/uploads\/2023\/07\/dobles-medallistas-categoria-menores-del-sabado.jpg 1024w, http:\/\/www.arqueroszamora.es\/wp-content\/uploads\/2023\/07\/dobles-medallistas-categoria-menores-del-sabado-300x225.jpg 300w, http:\/\/www.arqueroszamora.es\/wp-content\/uploads\/2023\/07\/dobles-medallistas-categoria-menores-del-sabado-768x576.jpg 768w, http:\/\/www.arqueroszamora.es\/wp-content\/uploads\/2023\/07\/dobles-medallistas-categoria-menores-del-sabado-660x495.jpg 660w\" sizes=\"auto, (max-width: 362px) 100vw, 362px\" \/><\/figure>\n<\/div>\n\n\n<p><br>Los benjamines y alevines no tuvieron eliminatorias por tanto los podios quedaban en funci\u00f3n de los puntos de las tandas clasificatorias. Y aqu\u00ed nuestros benjamines daban al club de forma brillante el primero oro y bronce de la mano de <strong>Hugo<\/strong> y <strong>Alba<\/strong> respectivamente. Resaltar que <strong>Alba<\/strong> s\u00f3lo lleva dos meses practicando este deporte.<br>Los infantiles, despu\u00e9s de las eliminatorias tambi\u00e9n alcanzaban buenos metales: <strong>Jara<\/strong>, primera en el clasificatorio, con mejor marca personal de la temporada con 320 puntos en las primeras 36 flechas, se proclamaba campeona de Castilla y Le\u00f3n demostrando mucha sangre fr\u00eda. A <strong>Rodrigo<\/strong>, que hab\u00eda sido primero en la clasificatoria con buena marca global, se le escapaba el oro por muy poco dej\u00e1ndole la plata un sabor agridulce. <strong>Alejandro<\/strong> hab\u00eda acabado tercero y tercero acab\u00f3 despu\u00e9s de las eliminatorias de forma que sub\u00eda al podio con un bronce muy merecido dada la progresi\u00f3n que ha tenido.<\/p>\n\n\n\n<p><br><strong>Olivia<\/strong>, tuvo altos y bajos en la clasificatoria pero a pesar de eso se colocaba segunda, lo que la llev\u00f3 a enfrentarse en semifinales con la salmantina Claudia Mart\u00edn que la elimin\u00f3 y la releg\u00f3 a pelear por el bronce, y aqu\u00ed s\u00ed, venci\u00f3 a la vallisoletana Yara con un contundente 6-0 para colgarse el bronce.<\/p>\n\n\n<div class=\"wp-block-image\">\n<figure class=\"alignright size-large is-resized\"><img loading=\"lazy\" decoding=\"async\" src=\"http:\/\/www.arqueroszamora.es\/wp-content\/uploads\/2023\/07\/Benjamin-doble-medallista-en-arco-tradicional-460x1024.jpg\" alt=\"\" class=\"wp-image-2149\" width=\"203\" height=\"452\" srcset=\"http:\/\/www.arqueroszamora.es\/wp-content\/uploads\/2023\/07\/Benjamin-doble-medallista-en-arco-tradicional-460x1024.jpg 460w, http:\/\/www.arqueroszamora.es\/wp-content\/uploads\/2023\/07\/Benjamin-doble-medallista-en-arco-tradicional-135x300.jpg 135w, http:\/\/www.arqueroszamora.es\/wp-content\/uploads\/2023\/07\/Benjamin-doble-medallista-en-arco-tradicional-689x1536.jpg 689w, http:\/\/www.arqueroszamora.es\/wp-content\/uploads\/2023\/07\/Benjamin-doble-medallista-en-arco-tradicional-660x1471.jpg 660w, http:\/\/www.arqueroszamora.es\/wp-content\/uploads\/2023\/07\/Benjamin-doble-medallista-en-arco-tradicional.jpg 718w\" sizes=\"auto, (max-width: 203px) 100vw, 203px\" \/><\/figure>\n<\/div>\n\n\n<p><br>En la entrega de trofeos los menores hasta cadete recibir\u00edan tambi\u00e9n las medallas de la Liga Territorial, el campeonato de la regularidad, que ha consistido en cuatro tiradas entre octubre y junio. Y aqu\u00ed la cantera zamorana no tiene rival: <strong>Hugo, Rodrigo<\/strong> y <strong>Jara<\/strong> Campeones en sus categor\u00edas. <strong>Olivia<\/strong> plata. <strong>Alejandro<\/strong> bronce.<\/p>\n\n\n\n<p><br>La tarde del s\u00e1bado puso en liza a <strong>Benjam\u00edn<\/strong>, con arco tradicional, que disputaba el campeonato senior y veterano. Ya nos tiene acostumbrados a verle subir al podio y no falt\u00f3 a la cita con las preseas: consigui\u00f3 un espl\u00e9ndido bot\u00edn: la plata en senior y el bronce en veterano.<\/p>\n\n\n\n<p><br>Por tanto, el s\u00e1bado el club tuvo cinco dobles medallistas.<br>El domingo por la ma\u00f1ana tocaba el turno de los junior y senior. <strong>Olivia<\/strong> tambi\u00e9n se hab\u00eda inscrito como junior junto con <strong>Antonio<\/strong> y <strong>Jos\u00e9<\/strong> dado que la modalidad fue mixta, y se podr\u00eda decir que tir\u00f3 mejor a 70m. que a los 60 de cadete. Consigui\u00f3 la plata y adem\u00e1s por puntos entr\u00f3 en las eliminatorias de senior donde tambi\u00e9n alcanz\u00f3 premio: el bronce, y por muy poco no disput\u00f3 la final contra su compa\u00f1era <strong>Beatriz<\/strong>.<strong> Jos\u00e9<\/strong> fue quinto en junior y noveno en senior. <strong>Antonio<\/strong> finaliz\u00f3 el campeonato en noveno lugar tanto en junior como senior.<br>Los senior <strong>Beatriz<\/strong> y <strong>Manuel<\/strong> tambi\u00e9n respondieron muy bien. <strong>Beatriz<\/strong> se impon\u00eda con claridad a sus rivales tanto en el clasificatorio como en las eliminatorias y se colgaba con todo merecimiento el oro. <strong>Manuel<\/strong> no llegaba en su mejor momento de forma. A pesar de eso lograba acabar en una honrosa quinta posici\u00f3n.<\/p>\n\n\n\n<p><br>Fenomenal fin de semana para los arqueros zamoranos. No hubo ning\u00fan club que pueda presumir de tener seis arqueros dobles medallistas en el evento disputado.<\/p>\n\n\n\n<figure class=\"wp-block-image size-full\"><img loading=\"lazy\" decoding=\"async\" width=\"1024\" height=\"473\" src=\"http:\/\/www.arqueroszamora.es\/wp-content\/uploads\/2023\/07\/Expedicion-del-domingo.jpg\" alt=\"\" class=\"wp-image-2150\" srcset=\"http:\/\/www.arqueroszamora.es\/wp-content\/uploads\/2023\/07\/Expedicion-del-domingo.jpg 1024w, http:\/\/www.arqueroszamora.es\/wp-content\/uploads\/2023\/07\/Expedicion-del-domingo-300x139.jpg 300w, http:\/\/www.arqueroszamora.es\/wp-content\/uploads\/2023\/07\/Expedicion-del-domingo-768x355.jpg 768w, http:\/\/www.arqueroszamora.es\/wp-content\/uploads\/2023\/07\/Expedicion-del-domingo-660x305.jpg 660w\" sizes=\"auto, (max-width: 1024px) 100vw, 1024px\" \/><\/figure>\n","protected":false},"excerpt":{"rendered":"<p>El fin de semana carg\u00f3 de medallas al C.D. ARQUEROS ZAMORA. Quince fueron los metales que se trajeron para Zamora los deportistas del club zamorano entre el Campeonato de Castilla y Le\u00f3n de Aire Libre celebrado en Valladolid y la Liga Territorial de Menores. Seis en Liga y nueve en el Campeonato. El s\u00e1bado por\u2026 <span class=\"read-more\"><a href=\"http:\/\/www.arqueroszamora.es\/index.php\/2023\/07\/17\/campeonato-de-castilla-y-leon-2\/\">Leer m\u00e1s &raquo;<\/a><\/span><\/p>\n","protected":false},"author":1,"featured_media":2148,"comment_status":"closed","ping_status":"open","sticky":false,"template":"","format":"standard","meta":{"footnotes":""},"categories":[4],"tags":[31],"class_list":["post-2146","post","type-post","status-publish","format-standard","has-post-thumbnail","hentry","category-competiciones","tag-castilla-y-leon"],"_links":{"self":[{"href":"http:\/\/www.arqueroszamora.es\/index.php\/wp-json\/wp\/v2\/posts\/2146","targetHints":{"allow":["GET"]}}],"collection":[{"href":"http:\/\/www.arqueroszamora.es\/index.php\/wp-json\/wp\/v2\/posts"}],"about":[{"href":"http:\/\/www.arqueroszamora.es\/index.php\/wp-json\/wp\/v2\/types\/post"}],"author":[{"embeddable":true,"href":"http:\/\/www.arqueroszamora.es\/index.php\/wp-json\/wp\/v2\/users\/1"}],"replies":[{"embeddable":true,"href":"http:\/\/www.arqueroszamora.es\/index.php\/wp-json\/wp\/v2\/comments?post=2146"}],"version-history":[{"count":0,"href":"http:\/\/www.arqueroszamora.es\/index.php\/wp-json\/wp\/v2\/posts\/2146\/revisions"}],"wp:featuredmedia":[{"embeddable":true,"href":"http:\/\/www.arqueroszamora.es\/index.php\/wp-json\/wp\/v2\/media\/2148"}],"wp:attachment":[{"href":"http:\/\/www.arqueroszamora.es\/index.php\/wp-json\/wp\/v2\/media?parent=2146"}],"wp:term":[{"taxonomy":"category","embeddable":true,"href":"http:\/\/www.arqueroszamora.es\/index.php\/wp-json\/wp\/v2\/categories?post=2146"},{"taxonomy":"post_tag","embeddable":true,"href":"http:\/\/www.arqueroszamora.es\/index.php\/wp-json\/wp\/v2\/tags?post=2146"}],"curies":[{"name":"wp","href":"https:\/\/api.w.org\/{rel}","templated":true}]}}