{"id":2158,"date":"2023-12-05T15:41:35","date_gmt":"2023-12-05T15:41:35","guid":{"rendered":"http:\/\/www.arqueroszamora.es\/?p=2158"},"modified":"2023-12-05T15:43:09","modified_gmt":"2023-12-05T15:43:09","slug":"1a-jornada-liga-territorial-de-edades","status":"publish","type":"post","link":"http:\/\/www.arqueroszamora.es\/index.php\/2023\/12\/05\/1a-jornada-liga-territorial-de-edades\/","title":{"rendered":"1\u00aa JORNADA LIGA TERRITORIAL DE EDADES"},"content":{"rendered":"\n<p><\/p>\n\n\n\n<figure class=\"wp-block-image size-large\"><img loading=\"lazy\" decoding=\"async\" width=\"1024\" height=\"355\" src=\"http:\/\/www.arqueroszamora.es\/wp-content\/uploads\/2023\/12\/IMG_20231125_100344-1024x355.jpg\" alt=\"\" class=\"wp-image-2159\" srcset=\"http:\/\/www.arqueroszamora.es\/wp-content\/uploads\/2023\/12\/IMG_20231125_100344-1024x355.jpg 1024w, http:\/\/www.arqueroszamora.es\/wp-content\/uploads\/2023\/12\/IMG_20231125_100344-300x104.jpg 300w, http:\/\/www.arqueroszamora.es\/wp-content\/uploads\/2023\/12\/IMG_20231125_100344-768x267.jpg 768w, http:\/\/www.arqueroszamora.es\/wp-content\/uploads\/2023\/12\/IMG_20231125_100344-1536x533.jpg 1536w, http:\/\/www.arqueroszamora.es\/wp-content\/uploads\/2023\/12\/IMG_20231125_100344-2048x711.jpg 2048w, http:\/\/www.arqueroszamora.es\/wp-content\/uploads\/2023\/12\/IMG_20231125_100344-660x229.jpg 660w\" sizes=\"auto, (max-width: 1024px) 100vw, 1024px\" \/><\/figure>\n\n\n\n<p>Muy buena actuaci\u00f3n hoy de nuestros j\u00f3venes arqueros en la 1\u00aa jornada de Liga territorial de menores, cadetes y junior 2023. Algunos pasaron momentos cr\u00edticos pero supieron superarlos en las eliminatorias. Muy buena tirada de <strong>Olivia<\/strong> que en el clasificatorio consigui\u00f3 mejor marca personal, 535 puntos, y en las eliminatorias refrend\u00f3 su buen momento de forma: se llev\u00f3 el primer puesto. <\/p>\n\n\n<div class=\"wp-block-image\">\n<figure class=\"alignleft size-large is-resized\"><img loading=\"lazy\" decoding=\"async\" src=\"http:\/\/www.arqueroszamora.es\/wp-content\/uploads\/2023\/12\/IMG_20231125_125610-1024x880.jpg\" alt=\"\" class=\"wp-image-2160\" width=\"248\" height=\"213\" srcset=\"http:\/\/www.arqueroszamora.es\/wp-content\/uploads\/2023\/12\/IMG_20231125_125610-1024x880.jpg 1024w, http:\/\/www.arqueroszamora.es\/wp-content\/uploads\/2023\/12\/IMG_20231125_125610-300x258.jpg 300w, http:\/\/www.arqueroszamora.es\/wp-content\/uploads\/2023\/12\/IMG_20231125_125610-768x660.jpg 768w, http:\/\/www.arqueroszamora.es\/wp-content\/uploads\/2023\/12\/IMG_20231125_125610-1536x1319.jpg 1536w, http:\/\/www.arqueroszamora.es\/wp-content\/uploads\/2023\/12\/IMG_20231125_125610-2048x1759.jpg 2048w, http:\/\/www.arqueroszamora.es\/wp-content\/uploads\/2023\/12\/IMG_20231125_125610-660x567.jpg 660w\" sizes=\"auto, (max-width: 248px) 100vw, 248px\" \/><\/figure>\n<\/div>\n\n\n<p>Otro tanto se llev\u00f3 <strong>Jara<\/strong> a pesar de que no fue su mejor d\u00eda gracias a que su punto fuerte es no dar nada por pedido. <strong>Rodrigo<\/strong> se estuvo peleando con el clicker toda la tirada y aunque no consiguiera buena marca (porque no \u00edbamos a hacer marca sino a trabajar procesos de tiro en competici\u00f3n) s\u00ed que se trajo el segundo puesto. <strong>Alejandro<\/strong> sigue una buena progresi\u00f3n tanto en marcas personales como resultados finales: tercer puesto y por una sola flecha mal tirada no accedi\u00f3 a disputar el 1\u00b0 puesto. <\/p>\n\n\n<div class=\"wp-block-image\">\n<figure class=\"alignright size-large is-resized\"><img loading=\"lazy\" decoding=\"async\" src=\"http:\/\/www.arqueroszamora.es\/wp-content\/uploads\/2023\/12\/IMG_20231125_130208-1009x1024.jpg\" alt=\"\" class=\"wp-image-2161\" width=\"255\" height=\"259\" srcset=\"http:\/\/www.arqueroszamora.es\/wp-content\/uploads\/2023\/12\/IMG_20231125_130208-1009x1024.jpg 1009w, http:\/\/www.arqueroszamora.es\/wp-content\/uploads\/2023\/12\/IMG_20231125_130208-296x300.jpg 296w, http:\/\/www.arqueroszamora.es\/wp-content\/uploads\/2023\/12\/IMG_20231125_130208-768x779.jpg 768w, http:\/\/www.arqueroszamora.es\/wp-content\/uploads\/2023\/12\/IMG_20231125_130208-1514x1536.jpg 1514w, http:\/\/www.arqueroszamora.es\/wp-content\/uploads\/2023\/12\/IMG_20231125_130208-660x670.jpg 660w, http:\/\/www.arqueroszamora.es\/wp-content\/uploads\/2023\/12\/IMG_20231125_130208.jpg 1722w\" sizes=\"auto, (max-width: 255px) 100vw, 255px\" \/><\/figure>\n<\/div>\n\n\n<p><strong>\u00c1lvaro<\/strong>, un fen\u00f3meno, que estrenaba categor\u00eda, infantil, y por primera vez tiraba eliminatorias y a fe que lo hizo muy bien, qued\u00f3 4\u00b0; preocupado me ten\u00eda porque casi no hablaba\u2026y mira que es dif\u00edcil eso para \u00e9l. Muy concentrado. <strong>David<\/strong>, debut a lo grande, primero y divirti\u00e9ndose. Se llevar\u00e1 m\u00e1s alegr\u00edas. <strong>Hugo<\/strong>, va para gran arquero, hizo una marca muy muy buena, 562 puntos. Enorme Hugo. Y <strong>Daniel<\/strong>\u2026pues no acus\u00f3 para nada acudir por primera vez a una competici\u00f3n llevando s\u00f3lo escasamente dos meses practicando. Muy bien Daniel. <\/p>\n\n\n\n<p>Y he dejado para el final a <strong>Valeria<\/strong> porque, amigos, el fair play es para ella. Resulta que se equivocaron al sacar las puntuaciones y le daban 100 puntos m\u00e1s coloc\u00e1ndola 2\u00aa, y fue ella la que le dijo a su padre que les dijera que no, que ella era 3\u00aa, que no hab\u00eda hecho tantos puntos. \u00bfSe puede pedir m\u00e1s? Estos gestos nos llenan de orgullo a los entrenadores. Sigue as\u00ed Valeria<\/p>\n","protected":false},"excerpt":{"rendered":"<p>Muy buena actuaci\u00f3n hoy de nuestros j\u00f3venes arqueros en la 1\u00aa jornada de Liga territorial de menores, cadetes y junior 2023. Algunos pasaron momentos cr\u00edticos pero supieron superarlos en las eliminatorias. Muy buena tirada de Olivia que en el clasificatorio consigui\u00f3 mejor marca personal, 535 puntos, y en las eliminatorias refrend\u00f3 su buen momento de\u2026 <span class=\"read-more\"><a href=\"http:\/\/www.arqueroszamora.es\/index.php\/2023\/12\/05\/1a-jornada-liga-territorial-de-edades\/\">Leer m\u00e1s &raquo;<\/a><\/span><\/p>\n","protected":false},"author":1,"featured_media":2159,"comment_status":"closed","ping_status":"open","sticky":false,"template":"","format":"standard","meta":{"footnotes":""},"categories":[4],"tags":[],"class_list":["post-2158","post","type-post","status-publish","format-standard","has-post-thumbnail","hentry","category-competiciones"],"_links":{"self":[{"href":"http:\/\/www.arqueroszamora.es\/index.php\/wp-json\/wp\/v2\/posts\/2158","targetHints":{"allow":["GET"]}}],"collection":[{"href":"http:\/\/www.arqueroszamora.es\/index.php\/wp-json\/wp\/v2\/posts"}],"about":[{"href":"http:\/\/www.arqueroszamora.es\/index.php\/wp-json\/wp\/v2\/types\/post"}],"author":[{"embeddable":true,"href":"http:\/\/www.arqueroszamora.es\/index.php\/wp-json\/wp\/v2\/users\/1"}],"replies":[{"embeddable":true,"href":"http:\/\/www.arqueroszamora.es\/index.php\/wp-json\/wp\/v2\/comments?post=2158"}],"version-history":[{"count":0,"href":"http:\/\/www.arqueroszamora.es\/index.php\/wp-json\/wp\/v2\/posts\/2158\/revisions"}],"wp:featuredmedia":[{"embeddable":true,"href":"http:\/\/www.arqueroszamora.es\/index.php\/wp-json\/wp\/v2\/media\/2159"}],"wp:attachment":[{"href":"http:\/\/www.arqueroszamora.es\/index.php\/wp-json\/wp\/v2\/media?parent=2158"}],"wp:term":[{"taxonomy":"category","embeddable":true,"href":"http:\/\/www.arqueroszamora.es\/index.php\/wp-json\/wp\/v2\/categories?post=2158"},{"taxonomy":"post_tag","embeddable":true,"href":"http:\/\/www.arqueroszamora.es\/index.php\/wp-json\/wp\/v2\/tags?post=2158"}],"curies":[{"name":"wp","href":"https:\/\/api.w.org\/{rel}","templated":true}]}}