{"id":2377,"date":"2026-01-22T20:46:35","date_gmt":"2026-01-22T20:46:35","guid":{"rendered":"http:\/\/www.arqueroszamora.es\/?p=2377"},"modified":"2026-02-18T21:02:23","modified_gmt":"2026-02-18T21:02:23","slug":"campeonato-cyl-sala","status":"publish","type":"post","link":"http:\/\/www.arqueroszamora.es\/index.php\/2026\/01\/22\/campeonato-cyl-sala\/","title":{"rendered":"CAMPEONATO Cyl SALA"},"content":{"rendered":"<div class=\"wp-block-image\">\n<figure class=\"aligncenter size-full is-resized\"><img loading=\"lazy\" decoding=\"async\" width=\"1024\" height=\"768\" src=\"http:\/\/www.arqueroszamora.es\/wp-content\/uploads\/2026\/02\/particiantes-de-edades-en-el-campeonato-con-los-entrenadores.jpg\" alt=\"\" class=\"wp-image-2378\" style=\"width:533px;height:auto\" srcset=\"http:\/\/www.arqueroszamora.es\/wp-content\/uploads\/2026\/02\/particiantes-de-edades-en-el-campeonato-con-los-entrenadores.jpg 1024w, http:\/\/www.arqueroszamora.es\/wp-content\/uploads\/2026\/02\/particiantes-de-edades-en-el-campeonato-con-los-entrenadores-300x225.jpg 300w, http:\/\/www.arqueroszamora.es\/wp-content\/uploads\/2026\/02\/particiantes-de-edades-en-el-campeonato-con-los-entrenadores-768x576.jpg 768w, http:\/\/www.arqueroszamora.es\/wp-content\/uploads\/2026\/02\/particiantes-de-edades-en-el-campeonato-con-los-entrenadores-660x495.jpg 660w\" sizes=\"auto, (max-width: 1024px) 100vw, 1024px\" \/><\/figure>\n<\/div>\n\n\n<p>Acabado el campeonato de Castilla y Le\u00f3n de tiro con arco en sala, el club volvi\u00f3 a casa con bastantes  etales, buenas sensaciones y ganas de continuar demostrando las cualidades deportivas y humanas que atesoran.<\/p>\n\n\n\n<p>Asistieron como entrenadores <strong>Beatriz Manso<\/strong>, <strong>Mario Bartolom\u00e9<\/strong> y <strong>Daniel Garc\u00eda<\/strong>.<\/p>\n\n\n\n<p>El evento se celebr\u00f3 en Mojados, Valladolid y de \u00e9l han regresado con 10 medallas: cuatro oros, 3 platas, tres bronces y cuatro cuartos puestos. Los m\u00e1s Benjamines, alevines, infantiles y cadetes tiraron el s\u00e1bado, y siguen dando alegr\u00edas. No hubo eliminatorias porque la nieve hizo acto de presencia de forma copiosa y la organizaci\u00f3n, de forma consensuada con los t\u00e9cnicos decidi\u00f3 prescindir de ellas para acabar antes y regresar lo m\u00e1s pronto posible a casa.<\/p>\n\n\n<div class=\"wp-block-image\">\n<figure class=\"alignleft size-large is-resized\"><img loading=\"lazy\" decoding=\"async\" width=\"768\" height=\"1024\" src=\"http:\/\/www.arqueroszamora.es\/wp-content\/uploads\/2026\/02\/medallistas-de-edades-zamoranos-768x1024.jpg\" alt=\"\" class=\"wp-image-2379\" style=\"width:371px;height:auto\" srcset=\"http:\/\/www.arqueroszamora.es\/wp-content\/uploads\/2026\/02\/medallistas-de-edades-zamoranos-768x1024.jpg 768w, http:\/\/www.arqueroszamora.es\/wp-content\/uploads\/2026\/02\/medallistas-de-edades-zamoranos-225x300.jpg 225w, http:\/\/www.arqueroszamora.es\/wp-content\/uploads\/2026\/02\/medallistas-de-edades-zamoranos-1152x1536.jpg 1152w, http:\/\/www.arqueroszamora.es\/wp-content\/uploads\/2026\/02\/medallistas-de-edades-zamoranos-660x880.jpg 660w, http:\/\/www.arqueroszamora.es\/wp-content\/uploads\/2026\/02\/medallistas-de-edades-zamoranos.jpg 1200w\" sizes=\"auto, (max-width: 768px) 100vw, 768px\" \/><\/figure>\n<\/div>\n\n\n<p>As\u00ed acabaron los nuestros. <strong>M\u00eda Luis<\/strong>, de categor\u00eda benjam\u00edn, <strong>Hugo Baladr\u00f3n<\/strong>, alev\u00edn y <strong>Alba Prieto<\/strong>, infantil, subieron a lo m\u00e1s alto del podio para proclamarse campeones de CyL en su categor\u00eda de forma brillante. Los tres batieron sus propias marcas, que es realmente lo que hay que valorar en el deporte: la superaci\u00f3n personal. <strong>Jara Bartolom\u00e9<\/strong>, cadete, pese a estar muy cerca del oro se le fue y alcanz\u00f3 una buena plata como cadete, y tambi\u00e9n consigui\u00f3 su mejor marca en sala este a\u00f1o. <strong>Valeria Moralejo<\/strong>, alev\u00edn, y <strong>David Rodr\u00edguez<\/strong>, infantil, consiguieron un valioso bronce, especialmente <strong>David <\/strong>que tuvo que rehacerse de una primera ronda en la que estaba fuera de las medallas. Otro bronce fue para una exhultante <strong>Paula Peinador<\/strong>, novata en estas lides, consigui\u00f3 su mejor marca personal. Su alegr\u00eda en el podio era indisimulable. <strong>Alejandro Moralejo<\/strong>, cadete, quedaba el 4\u00b0 por muy poco y se le ve franca progresi\u00f3n tecnica. <strong>Eric Herrero<\/strong>, otro que sigue una buena progresi\u00f3n, acab\u00f3 6\u00b0 con buena marca personal. <strong>\u00c1lvaro Ponte<\/strong> comenz\u00f3 algo flojo pero fue de menos a m\u00e1s y termin\u00f3 9\u00b0.<\/p>\n\n\n<div class=\"wp-block-image\">\n<figure class=\"alignright size-large is-resized\"><img loading=\"lazy\" decoding=\"async\" width=\"576\" height=\"1024\" src=\"http:\/\/www.arqueroszamora.es\/wp-content\/uploads\/2026\/02\/participantes-senior-y-veteranos-zamoranos-576x1024.jpg\" alt=\"\" class=\"wp-image-2380\" style=\"width:289px;height:auto\" srcset=\"http:\/\/www.arqueroszamora.es\/wp-content\/uploads\/2026\/02\/participantes-senior-y-veteranos-zamoranos-576x1024.jpg 576w, http:\/\/www.arqueroszamora.es\/wp-content\/uploads\/2026\/02\/participantes-senior-y-veteranos-zamoranos-169x300.jpg 169w, http:\/\/www.arqueroszamora.es\/wp-content\/uploads\/2026\/02\/participantes-senior-y-veteranos-zamoranos-768x1365.jpg 768w, http:\/\/www.arqueroszamora.es\/wp-content\/uploads\/2026\/02\/participantes-senior-y-veteranos-zamoranos-864x1536.jpg 864w, http:\/\/www.arqueroszamora.es\/wp-content\/uploads\/2026\/02\/participantes-senior-y-veteranos-zamoranos-660x1173.jpg 660w, http:\/\/www.arqueroszamora.es\/wp-content\/uploads\/2026\/02\/participantes-senior-y-veteranos-zamoranos.jpg 1024w\" sizes=\"auto, (max-width: 576px) 100vw, 576px\" \/><\/figure>\n<\/div>\n\n\n<p>Los mayores tiraron el domingo. <strong>Jara<\/strong> tambi\u00e9n particip\u00f3 como senior y repiti\u00f3 podio y mismo metal, plata. Contenta puede estar porque no es f\u00e1cil conseguir lo que ha conseguido este a\u00f1o en sala, tanto en competiciones oficiales como sociales. <strong>Benjam\u00edn Rodr\u00edguez<\/strong>, con arco tradicional y como veterano se alz\u00f3 con el mayor honor: oro incuestionable. Como senior se le escap\u00f3 por nada el bronce y finaliz\u00f3 cuarto. <strong>Mati Pe\u00f1a<\/strong>, tambi\u00e9n como veterana, y con nulo entrenamiento desde el torneo de Navidad, consigui\u00f3 meterse en el caj\u00f3n para colgarse la plata.<\/p>\n\n\n\n<p>Como senior cayeron en octavos de final <strong>Ramiro Portales<\/strong>, <strong>Mario D\u00edaz<\/strong>, <strong>Manolo Arrime<\/strong> y <strong>Mati.<\/strong> Mala suerte que ninguno pudo estar peleando por la medallas. Y <strong>Beatriz Manso<\/strong> que por poco pudo tirar la final, tir\u00f3 por el bronce y tambi\u00e9n por mala suerte se le fue regresando con otra medalla de chocolate .<\/p>\n\n\n\n<p>Adem\u00e1s, <strong>Alba, David, Alejandro y Jara<\/strong>, todos pertenecientes al Centro de Tecnificaci\u00f3n Deportiva de Castilla y Le\u00f3n, lograron con sus marcas personales meterse en los equipos de Castilla y Leon respectivos para pelear en el Campeonato de Espa\u00f1a que se celebrar\u00e1 en Valladolid en febrero<\/p>\n","protected":false},"excerpt":{"rendered":"<p>Acabado el campeonato de Castilla y Le\u00f3n de tiro con arco en sala, el club volvi\u00f3 a casa con bastantes etales, buenas sensaciones y ganas de continuar demostrando las cualidades deportivas y humanas que atesoran. Asistieron como entrenadores Beatriz Manso, Mario Bartolom\u00e9 y Daniel Garc\u00eda. El evento se celebr\u00f3 en Mojados, Valladolid y de \u00e9l\u2026 <span class=\"read-more\"><a href=\"http:\/\/www.arqueroszamora.es\/index.php\/2026\/01\/22\/campeonato-cyl-sala\/\">Leer m\u00e1s &raquo;<\/a><\/span><\/p>\n","protected":false},"author":1,"featured_media":2378,"comment_status":"closed","ping_status":"open","sticky":false,"template":"","format":"standard","meta":{"footnotes":""},"categories":[4],"tags":[],"class_list":["post-2377","post","type-post","status-publish","format-standard","has-post-thumbnail","hentry","category-competiciones"],"_links":{"self":[{"href":"http:\/\/www.arqueroszamora.es\/index.php\/wp-json\/wp\/v2\/posts\/2377","targetHints":{"allow":["GET"]}}],"collection":[{"href":"http:\/\/www.arqueroszamora.es\/index.php\/wp-json\/wp\/v2\/posts"}],"about":[{"href":"http:\/\/www.arqueroszamora.es\/index.php\/wp-json\/wp\/v2\/types\/post"}],"author":[{"embeddable":true,"href":"http:\/\/www.arqueroszamora.es\/index.php\/wp-json\/wp\/v2\/users\/1"}],"replies":[{"embeddable":true,"href":"http:\/\/www.arqueroszamora.es\/index.php\/wp-json\/wp\/v2\/comments?post=2377"}],"version-history":[{"count":0,"href":"http:\/\/www.arqueroszamora.es\/index.php\/wp-json\/wp\/v2\/posts\/2377\/revisions"}],"wp:featuredmedia":[{"embeddable":true,"href":"http:\/\/www.arqueroszamora.es\/index.php\/wp-json\/wp\/v2\/media\/2378"}],"wp:attachment":[{"href":"http:\/\/www.arqueroszamora.es\/index.php\/wp-json\/wp\/v2\/media?parent=2377"}],"wp:term":[{"taxonomy":"category","embeddable":true,"href":"http:\/\/www.arqueroszamora.es\/index.php\/wp-json\/wp\/v2\/categories?post=2377"},{"taxonomy":"post_tag","embeddable":true,"href":"http:\/\/www.arqueroszamora.es\/index.php\/wp-json\/wp\/v2\/tags?post=2377"}],"curies":[{"name":"wp","href":"https:\/\/api.w.org\/{rel}","templated":true}]}}