{"id":2381,"date":"2026-02-18T21:01:08","date_gmt":"2026-02-18T21:01:08","guid":{"rendered":"http:\/\/www.arqueroszamora.es\/?p=2381"},"modified":"2026-02-18T21:01:08","modified_gmt":"2026-02-18T21:01:08","slug":"campeonato-de-espana-en-sala-2","status":"publish","type":"post","link":"http:\/\/www.arqueroszamora.es\/index.php\/2026\/02\/18\/campeonato-de-espana-en-sala-2\/","title":{"rendered":"CAMPEONATO DE ESPA\u00d1A EN SALA"},"content":{"rendered":"<div class=\"wp-block-image\">\n<figure class=\"aligncenter size-large is-resized\"><img loading=\"lazy\" decoding=\"async\" width=\"1024\" height=\"768\" src=\"http:\/\/www.arqueroszamora.es\/wp-content\/uploads\/2026\/02\/Menores-del-CD.-ZAMORA-en-el-Cto.-de-Espana-1024x768.jpg\" alt=\"\" class=\"wp-image-2382\" style=\"width:661px;height:auto\" srcset=\"http:\/\/www.arqueroszamora.es\/wp-content\/uploads\/2026\/02\/Menores-del-CD.-ZAMORA-en-el-Cto.-de-Espana-1024x768.jpg 1024w, http:\/\/www.arqueroszamora.es\/wp-content\/uploads\/2026\/02\/Menores-del-CD.-ZAMORA-en-el-Cto.-de-Espana-300x225.jpg 300w, http:\/\/www.arqueroszamora.es\/wp-content\/uploads\/2026\/02\/Menores-del-CD.-ZAMORA-en-el-Cto.-de-Espana-768x576.jpg 768w, http:\/\/www.arqueroszamora.es\/wp-content\/uploads\/2026\/02\/Menores-del-CD.-ZAMORA-en-el-Cto.-de-Espana-1536x1152.jpg 1536w, http:\/\/www.arqueroszamora.es\/wp-content\/uploads\/2026\/02\/Menores-del-CD.-ZAMORA-en-el-Cto.-de-Espana-660x495.jpg 660w, http:\/\/www.arqueroszamora.es\/wp-content\/uploads\/2026\/02\/Menores-del-CD.-ZAMORA-en-el-Cto.-de-Espana.jpg 1600w\" sizes=\"auto, (max-width: 1024px) 100vw, 1024px\" \/><\/figure>\n<\/div>\n\n\n<p>Valladolid acogi\u00f3 desde el jueves hasta el domingo pasado\u00a0 la edici\u00f3n del Campeonato de Espa\u00f1a de menores de 14, cadetes, junior y absoluto en sala. Hubo\u00a0 una participaci\u00f3n muy alta en esta edici\u00f3n con 340 deportista en total.\u00a0 \u00a0 \u00a0 \u00a0 \u00a0 \u00a0 \u00a0 \u00a0 \u00a0 \u00a0 \u00a0 \u00a0<br>Ya es habitual que el CD. Arqueros Zamora est\u00e9 presente en los eventos nacionales y \u00e9ste no iba a ser una excepci\u00f3n dado que asistieron tres infantiles, dos cadetes y una senior. Estuvieron asistidos t\u00e9cnicamente por <strong>Daniel Garc\u00eda<\/strong>, <strong>Beatriz Manso<\/strong> y <strong>Mario Bartolom\u00e9<\/strong>.\u00a0 \u00a0 \u00a0 \u00a0<\/p>\n\n\n<div class=\"wp-block-image\">\n<figure class=\"alignleft size-large is-resized\"><img loading=\"lazy\" decoding=\"async\" width=\"576\" height=\"1024\" src=\"http:\/\/www.arqueroszamora.es\/wp-content\/uploads\/2026\/02\/ALBA-EN-UN-MOMENTO-DE-LA-CLASIFICATORIA-576x1024.jpg\" alt=\"\" class=\"wp-image-2383\" style=\"aspect-ratio:0.5625000165059021;width:224px;height:auto\" srcset=\"http:\/\/www.arqueroszamora.es\/wp-content\/uploads\/2026\/02\/ALBA-EN-UN-MOMENTO-DE-LA-CLASIFICATORIA-576x1024.jpg 576w, http:\/\/www.arqueroszamora.es\/wp-content\/uploads\/2026\/02\/ALBA-EN-UN-MOMENTO-DE-LA-CLASIFICATORIA-169x300.jpg 169w, http:\/\/www.arqueroszamora.es\/wp-content\/uploads\/2026\/02\/ALBA-EN-UN-MOMENTO-DE-LA-CLASIFICATORIA-768x1365.jpg 768w, http:\/\/www.arqueroszamora.es\/wp-content\/uploads\/2026\/02\/ALBA-EN-UN-MOMENTO-DE-LA-CLASIFICATORIA-864x1536.jpg 864w, http:\/\/www.arqueroszamora.es\/wp-content\/uploads\/2026\/02\/ALBA-EN-UN-MOMENTO-DE-LA-CLASIFICATORIA-660x1173.jpg 660w, http:\/\/www.arqueroszamora.es\/wp-content\/uploads\/2026\/02\/ALBA-EN-UN-MOMENTO-DE-LA-CLASIFICATORIA.jpg 1125w\" sizes=\"auto, (max-width: 576px) 100vw, 576px\" \/><\/figure>\n<\/div>\n\n\n<p>\u00a0El jueves y viernes compitieron los j\u00f3venes. Y all\u00ed estuvieron <strong>Hugo Baladr\u00f3n<\/strong> , que aunque es alev\u00edn, los t\u00e9cnicos zamonaros decidieron que se fuera fogueando como infantil. Y lo hizo muy bien; adem\u00e1s con su marca entr\u00f3 en el equipo infantil masculino\u00a0 de Castilla y Le\u00f3n\u00a0 junto\u00a0 <strong>David Rodr\u00edguez<\/strong>, tambi\u00e9n del club zamorano, y <strong>Nicol\u00e1s<\/strong>, otro arquero burgal\u00e9s, para disputar el Cto. de Espa\u00f1a por Comunidades.\u00a0 <strong>David<\/strong> fue el m\u00e1s destacado en este campeonato: hizo su mejor marca de la temporada, evidenci\u00f3 un salto cualitativo en su t\u00e9cnica y lider\u00f3 el equipo de Castilla y Le\u00f3n infantil en el campeonato por comunidades. En las eliminatorias empez\u00f3 muy fuerte apeando del campeonato, entre otros, al que hab\u00eda quedado primero, el ibicenco <strong>Paul Altadil<\/strong>,\u00a0 claro candidato al oro en la clasificatoria. Fue eliminando rivales hasta plantarse en la semifinales y luchar por el oro, pero todo se torci\u00f3 con una flecha de desempate y no s\u00f3lo no gan\u00f3 el oro sino que perdi\u00f3\u00a0 la plata y tambi\u00e9n el bronce. Termin\u00f3 4\u00b0. Lo que parec\u00eda una decepci\u00f3n para \u00e9l no lo es y as\u00ed se lo hicieron ver los t\u00e9cnicos que lo asist\u00edan. Haber quedado en el top 4 de Espa\u00f1a con el nivel tan elevado que hubo hace que sepa a medalla, y as\u00ed debe valorarlo. En el club pensaban que pod\u00eda estar en el top 10, as\u00ed que superar eso ya es un hito para \u00e9l.\u00a0 \u00a0 \u00a0 \u00a0 \u00a0<\/p>\n\n\n\n<p><br><strong>Alba Prieto<\/strong>, infantil tambi\u00e9n, y debutante, comenz\u00f3 nerviosa, tard\u00f3 en centrarse y cuando lo hizo rindi\u00f3 al nivel esperado. Su marca personal le vali\u00f3 para representar a Castilla y Le\u00f3n en los equipos mixtos junto a <strong>David<\/strong>, los dos mejores infantiles de Castilla y Le\u00f3n. Tanto <strong>Alba<\/strong> como <strong>David<\/strong> tambi\u00e9n entraron en los equipos masculinos y femeninos de Castilla y Le\u00f3n ( se cogen las tres mejores marcas de chicos y chicas para hacer los dos equipos, y ah\u00ed estaban los tres zamoranos infantiles, <strong>Alba, David <\/strong>y<strong> Hugo<\/strong>).\u00a0 \u00a0 \u00a0 \u00a0 \u00a0 \u00a0 <\/p>\n\n\n<div class=\"wp-block-image\">\n<figure class=\"alignright size-large is-resized\"><img loading=\"lazy\" decoding=\"async\" width=\"768\" height=\"1024\" src=\"http:\/\/www.arqueroszamora.es\/wp-content\/uploads\/2026\/02\/Hugo-y-David-en-el-Equipo-infantil-masculino-768x1024.jpg\" alt=\"\" class=\"wp-image-2384\" style=\"aspect-ratio:0.7499999750129008;width:302px;height:auto\" srcset=\"http:\/\/www.arqueroszamora.es\/wp-content\/uploads\/2026\/02\/Hugo-y-David-en-el-Equipo-infantil-masculino-768x1024.jpg 768w, http:\/\/www.arqueroszamora.es\/wp-content\/uploads\/2026\/02\/Hugo-y-David-en-el-Equipo-infantil-masculino-225x300.jpg 225w, http:\/\/www.arqueroszamora.es\/wp-content\/uploads\/2026\/02\/Hugo-y-David-en-el-Equipo-infantil-masculino-1152x1536.jpg 1152w, http:\/\/www.arqueroszamora.es\/wp-content\/uploads\/2026\/02\/Hugo-y-David-en-el-Equipo-infantil-masculino-1536x2048.jpg 1536w, http:\/\/www.arqueroszamora.es\/wp-content\/uploads\/2026\/02\/Hugo-y-David-en-el-Equipo-infantil-masculino-660x880.jpg 660w, http:\/\/www.arqueroszamora.es\/wp-content\/uploads\/2026\/02\/Hugo-y-David-en-el-Equipo-infantil-masculino-scaled.jpg 1920w\" sizes=\"auto, (max-width: 768px) 100vw, 768px\" \/><\/figure>\n<\/div>\n\n\n<p><br>En cadetes <strong>Jara Bartolom\u00e9<\/strong> lleg\u00f3 muy mermada f\u00edsicamente por un proceso gripal y fuertemente medicada para poder estar, y como era de esperar rindi\u00f3 bien las primeras 30 flechas, a partir de ah\u00ed el cansancio f\u00edsico hizo mucha mella en ella. A pesar de todo tambi\u00e9n entr\u00f3 en el equipo de Castilla y Le\u00f3n cadete femenino.<br><strong>Alejandro Moralejo<\/strong>, el otro cadete, hizo dos flechas nulas que lo dejaron fuera de las eliminatorias, a pesar de eso bati\u00f3 su marca personal, esto da idea de lo bien que lo estaba haciendo. Se vino satisfecho a pesar de los pesares porque tiene claro que la esencia del deporte es superarse a s\u00ed mismo, y lo hizo, pero el nivel fue alt\u00edsimo y no perdona errores. Cualquier otro a\u00f1o con la marca que hizo hubiese quedado entre los 20 primeros y en este campeonato se fue al 41\u2026<br>El puesto final individual\u00a0 de nuestra cantera fue: <strong>David<\/strong> 4\u00b0. <strong>Alba<\/strong> 17\u00aa, <strong>Hugo<\/strong> 17\u00b0, <strong>Jara<\/strong> 17\u00aa y <strong>Alejandro<\/strong> 41\u00b0. En equipos mixtos infantiles 5\u00ba. En equipos masculinos infantiles 5\u00ba. En equipos masculinos infantiles 5\u00ba y en equipo cadete femenino 5\u00ba .\u00a0 \u00a0 \u00a0 \u00a0 \u00a0 \u00a0 \u00a0 <\/p>\n\n\n\n<p>\u00a0 \u00a0 \u00a0 \u00a0 \u00a0 \u00a0 \u00a0 \u00a0 \u00a0 \u00a0 \u00a0 \u00a0 \u00a0 \u00a0 \u00a0 \u00a0<br>El s\u00e1bado y domingo toc\u00f3 el turno a los arqueros de categor\u00eda absoluta. <strong>Mati,<\/strong> y de nuevo <strong>Jara<\/strong>, se batieron el cobre ante unos rivales que ofrecieron un nivel impresionante. Entre otros estaban los dos campeones del mundo: <strong>Andr\u00e9s Temi\u00f1o<\/strong> y <strong>Elia Canales<\/strong>, junto con otros miembros del equipo nacional. Todos ellos dieron una clase magistral de t\u00e9cnica y de puntos. Ninguna de las dos estuvieron como quer\u00edan estar.\u00a0 <strong>Mati<\/strong> logr\u00f3 meterse en las eliminatorias pero en una posici\u00f3n nada favorable. En la eliminatoria le toc\u00f3 contra la segunda clasificada, una arquera que de 600 puntos posibles hab\u00eda hecho 594 puntos, y con esa marca qued\u00f3\u00a0 segunda en el clasificatorio\u2026 A la postre ser\u00eda campeona. <strong>Mati\u00a0<\/strong> comenz\u00f3 muy floja y eso no le dio la m\u00e1s m\u00ednima opci\u00f3n.\u00a0 Fue eliminada y con una posici\u00f3n final de la 17\u00aa.<\/p>\n\n\n<div class=\"wp-block-image\">\n<figure class=\"aligncenter size-full is-resized\"><img loading=\"lazy\" decoding=\"async\" width=\"1024\" height=\"576\" src=\"http:\/\/www.arqueroszamora.es\/wp-content\/uploads\/2026\/02\/Senior-zamoranos-junto-a-Arsenia-como-juez-y-tecnicos.jpg\" alt=\"\" class=\"wp-image-2385\" style=\"width:628px;height:auto\" srcset=\"http:\/\/www.arqueroszamora.es\/wp-content\/uploads\/2026\/02\/Senior-zamoranos-junto-a-Arsenia-como-juez-y-tecnicos.jpg 1024w, http:\/\/www.arqueroszamora.es\/wp-content\/uploads\/2026\/02\/Senior-zamoranos-junto-a-Arsenia-como-juez-y-tecnicos-300x169.jpg 300w, http:\/\/www.arqueroszamora.es\/wp-content\/uploads\/2026\/02\/Senior-zamoranos-junto-a-Arsenia-como-juez-y-tecnicos-768x432.jpg 768w, http:\/\/www.arqueroszamora.es\/wp-content\/uploads\/2026\/02\/Senior-zamoranos-junto-a-Arsenia-como-juez-y-tecnicos-660x371.jpg 660w\" sizes=\"auto, (max-width: 1024px) 100vw, 1024px\" \/><\/figure>\n<\/div>\n\n\n<p><br><strong>Jara<\/strong> no entr\u00f3 en eliminatorias pero su marca le vali\u00f3 para entrar en el equipo femenino absoluto de Castilla y Le\u00f3n\u00a0 junto a <strong>Noa <\/strong>y <strong>Sandra<\/strong>, de Valladolid y Segovia respectivamente. Este equipo gan\u00f3 los octavos de final con un rotundo 6-0 a Galicia\u00a0 y cayeron en cuartos frente a Madrid con un 6-0 quedando finalmente en 5\u00aa posici\u00f3n.\u00a0 \u00a0 \u00a0 \u00a0 \u00a0 \u00a0 \u00a0 \u00a0 \u00a0<br>\u00a0Desde el club valoraran muy positivamente este campeonato. La reflexi\u00f3n que hacen es que todos queremos hacerlo bien pero si se mira\u00a0 la relaci\u00f3n entre\u00a0 volumen de entrenamientos de los nuestros, recursos materiales y humanos y los resultados podemos estar m\u00e1s que satisfechos.\u00a0<br>Al margen de los deportistas hay que hacer menci\u00f3n especial a\u00a0 <strong>Arsenia Rapado<\/strong>, reci\u00e9n sacado el t\u00edtulo del juez y miembro del club zamorano que estuvo como juez en direcci\u00f3n de tiro. Se est\u00e1 fogueando para, no tardando, estar a pie de pista. No tardar\u00e1 porque lo hizo estupendamente sin errores en un evento muy importante y los responsables seguro que han tomado buena nota de ello.<\/p>\n","protected":false},"excerpt":{"rendered":"<p>Valladolid acogi\u00f3 desde el jueves hasta el domingo pasado\u00a0 la edici\u00f3n del Campeonato de Espa\u00f1a de menores de 14, cadetes, junior y absoluto en sala. Hubo\u00a0 una participaci\u00f3n muy alta en esta edici\u00f3n con 340 deportista en total.\u00a0 \u00a0 \u00a0 \u00a0 \u00a0 \u00a0 \u00a0 \u00a0 \u00a0 \u00a0 \u00a0 \u00a0Ya es habitual que el CD. Arqueros\u2026 <span class=\"read-more\"><a href=\"http:\/\/www.arqueroszamora.es\/index.php\/2026\/02\/18\/campeonato-de-espana-en-sala-2\/\">Leer m\u00e1s &raquo;<\/a><\/span><\/p>\n","protected":false},"author":1,"featured_media":2382,"comment_status":"closed","ping_status":"open","sticky":false,"template":"","format":"standard","meta":{"footnotes":""},"categories":[4],"tags":[],"class_list":["post-2381","post","type-post","status-publish","format-standard","has-post-thumbnail","hentry","category-competiciones"],"_links":{"self":[{"href":"http:\/\/www.arqueroszamora.es\/index.php\/wp-json\/wp\/v2\/posts\/2381","targetHints":{"allow":["GET"]}}],"collection":[{"href":"http:\/\/www.arqueroszamora.es\/index.php\/wp-json\/wp\/v2\/posts"}],"about":[{"href":"http:\/\/www.arqueroszamora.es\/index.php\/wp-json\/wp\/v2\/types\/post"}],"author":[{"embeddable":true,"href":"http:\/\/www.arqueroszamora.es\/index.php\/wp-json\/wp\/v2\/users\/1"}],"replies":[{"embeddable":true,"href":"http:\/\/www.arqueroszamora.es\/index.php\/wp-json\/wp\/v2\/comments?post=2381"}],"version-history":[{"count":0,"href":"http:\/\/www.arqueroszamora.es\/index.php\/wp-json\/wp\/v2\/posts\/2381\/revisions"}],"wp:featuredmedia":[{"embeddable":true,"href":"http:\/\/www.arqueroszamora.es\/index.php\/wp-json\/wp\/v2\/media\/2382"}],"wp:attachment":[{"href":"http:\/\/www.arqueroszamora.es\/index.php\/wp-json\/wp\/v2\/media?parent=2381"}],"wp:term":[{"taxonomy":"category","embeddable":true,"href":"http:\/\/www.arqueroszamora.es\/index.php\/wp-json\/wp\/v2\/categories?post=2381"},{"taxonomy":"post_tag","embeddable":true,"href":"http:\/\/www.arqueroszamora.es\/index.php\/wp-json\/wp\/v2\/tags?post=2381"}],"curies":[{"name":"wp","href":"https:\/\/api.w.org\/{rel}","templated":true}]}}