{"id":348,"date":"2012-11-30T00:52:54","date_gmt":"2012-11-29T22:52:54","guid":{"rendered":"http:\/\/www.arqueroszamora.es\/?p=348"},"modified":"2012-12-12T22:19:24","modified_gmt":"2012-12-12T20:19:24","slug":"mas-fotos-el-dia-en-que-ramiro-gano-a-daniel-morillo-en-salamanca","status":"publish","type":"post","link":"http:\/\/www.arqueroszamora.es\/index.php\/2012\/11\/30\/mas-fotos-el-dia-en-que-ramiro-gano-a-daniel-morillo-en-salamanca\/","title":{"rendered":"LOS ARQUEROS ZAMORANOS TUVIERON PRESENCIA EN EL PODIO SALMANTINO."},"content":{"rendered":"<p><a href=\"https:\/\/picasaweb.google.com\/106705070378411861359\/EncuentroArquerosDeSol?feat=email\" target=\"_blank\"><img loading=\"lazy\" decoding=\"async\" class=\"size-medium wp-image-350 alignright\" title=\"20121124_Salamanca\" src=\"http:\/\/www.arqueroszamora.es\/wp-content\/uploads\/2012\/11\/20121124_Salamanca-212x300.jpg\" alt=\"Encuentro arquero Salamanca\" width=\"212\" height=\"300\" srcset=\"http:\/\/www.arqueroszamora.es\/wp-content\/uploads\/2012\/11\/20121124_Salamanca-212x300.jpg 212w, http:\/\/www.arqueroszamora.es\/wp-content\/uploads\/2012\/11\/20121124_Salamanca.jpg 300w\" sizes=\"auto, (max-width: 212px) 100vw, 212px\" \/><\/a>\u00a0 \u00a0A lo largo del s\u00e1bado y domingo se celebr\u00f3 en Salamanca el VII Encuentro Arquero organizado por el C.D. Arqueros de Sol XIV. En el evento estuvieron arqueros de gran parte de la geograf\u00eda espa\u00f1ola hasta un total de 80 arqueros de las distintas modalidades: recurvo, compuesto, instintivo y recto.<br \/>\nDe Zamora asistieron Ramiro Portales, Carlos Garc\u00eda, Mati Pe\u00f1a, \u00c1lvaro Artime y Daniel Garc\u00eda, en las modalidades de arco compuesto y recurvo y todos ellos del C.D. Arqueros Zamora Reny Picot. La competici\u00f3n en realidad eran cuatro en una: El s\u00e1bado por la tarde se hizo la tirada valedera para la liga nacional en la que Ramiro acababa bronce despu\u00e9s de tener algunos altibajos. Carlos cuarto y se le escapaba el bronce por dos puntos. \u00c1lvaro, que est\u00e1 afianzando su confianza en la competici\u00f3n, sexto con su mejor marca personal. Mati, que ven\u00eda de hacer una buena marca en O Barco con podio, aqu\u00ed no pudo ser y se fue al s\u00e9ptimo lugar. Daniel, tampoco hizo la tirada de Galicia y aunque buena no pudo pasar del duod\u00e9cimo puesto.<br \/>\nLa siguiente competici\u00f3n era de cuatro equipos mixtos formados entre los cuatro primeros de cada modalidad, de forma que en cada equipo hubiese un arquero de arco recurvo, otro compuesto, otro de arco instintivo y otro de arco recto. Esta competici\u00f3n s\u00f3lo ten\u00eda un equipo ganador y el formado por Carlos Garc\u00eda lograba el podio supremo para alegr\u00eda de sus componentes.<br \/>\n<!--more--><br \/>\nEl domingo ser\u00eda la tercera competici\u00f3n. En este caso, todos los arqueros tiran 36 flechas pero sobre diana de acierto fallo. Las dianas tienen pintado el 10 en negro y si se acierta es un punto y si se falla es un cero. Es una eliminatoria de todos contra todos. Esta competici\u00f3n es muy estresante y muchos buenos arqueros aqu\u00ed no dan la talla y caen en la primera eliminatoria, eliminatoria que pasaban los ocho mejores. En esta primera cayeron Mati y Daniel no sin hacer un buen papel. En cuartos caer\u00eda \u00c1lvaro. En semifinales el enfrentamiento ya es de uno contra uno. Carlos fue siempre un punto por delante de su contrincante, el mejor tirador del momento y con el que ya se ha medido en diversas ocasiones, el madrile\u00f1o V\u00edctor Canalejas, pero en la \u00faltima entrada lo perdi\u00f3 en beneficio de su oponente que le remont\u00f3 y releg\u00f3 a la lucha por el bronce , bronce que perdi\u00f3 exactamente igual frente al abulense Gonzalo S\u00e1nchez Ferrero reci\u00e9n venido del Campeonato del Mundo de Campo, por lo que su decepci\u00f3n fue grande dado que los tuvo y se le fueron por un punto. No obstante puede estar orgulloso porque cay\u00f3 frente a los mejores y poni\u00e9ndoselo muy dif\u00edcil.<br \/>\nEl triunfador de esta competici\u00f3n fue Ramiro, despu\u00e9s de ir dejando atr\u00e1s a buenos arqueros nacionales se plant\u00f3 en la final con todo merecimiento. La final fue un premio para \u00e9l, primero por la dificultad de llegar y despu\u00e9s por tener enfrente a nada menos que el ol\u00edmpico en Pek\u00edn, el balear Daniel Morillo. El enfrentamiento fue sublime y Ramiro, contra pron\u00f3stico para el p\u00fablico, pero no para \u00e9l, se impuso y gan\u00f3 pese a los nervios finales.<br \/>\nFinalmente se har\u00eda la cuarta y \u00faltima competici\u00f3n. Consiste en tirar los de recurvo y compuesto a una flecha sin culat\u00edn para intentar hacer un \u201cRobin\u201d, consistente en meter una flecha en la otra emulando al famoso bandido medieval ingl\u00e9s. Por su parte los arqueros de arco instintivo y recto participaban en el trofeo \u201cGuillermo Tell\u201d en el cual hab\u00eda que darle a una manzana situada sobre la cabeza de un maniqu\u00ed de la misma forma que el arquero medieval suizo tuvo que hacer pero con su hijo soportando la manzana.<br \/>\nEl \u201cRob\u00edn\u201d lo consigui\u00f3 la salmantina Nurya Hern\u00e1ndez en arco compuesto al primer intento. El \u201cGuillermo Tell\u201d ser\u00eda para un arquero Nikolai Iliev despu\u00e9s de varios desempates con otros arqueros que tambi\u00e9n ensartaban la manzana.<br \/>\nEn definitiva, fue un fin de semana intenso de emociones por los distintos tipos de competici\u00f3n a los que tuvieron que ir enfrent\u00e1ndose y a los cambios mentales que supon\u00edan.<br \/>\nAcabada la competici\u00f3n se hizo una extensa entrega de trofeos a los ganadores.<\/p>\n<p>Todav\u00eda no tenemos los resultados finales, pero en cuanto los compa\u00f1eros de Salamanca los publiquen, nos haremos eco de ellos.<\/p>\n<p>Y como siempre, las fotos pinchando en el cartel de la competici\u00f3n.<\/p>\n","protected":false},"excerpt":{"rendered":"<p>\u00a0 \u00a0A lo largo del s\u00e1bado y domingo se celebr\u00f3 en Salamanca el VII Encuentro Arquero organizado por el C.D. Arqueros de Sol XIV. En el evento estuvieron arqueros de gran parte de la geograf\u00eda espa\u00f1ola hasta un total de 80 arqueros de las distintas modalidades: recurvo, compuesto, instintivo y recto. De Zamora asistieron Ramiro\u2026 <span class=\"read-more\"><a href=\"http:\/\/www.arqueroszamora.es\/index.php\/2012\/11\/30\/mas-fotos-el-dia-en-que-ramiro-gano-a-daniel-morillo-en-salamanca\/\">Leer m\u00e1s &raquo;<\/a><\/span><\/p>\n","protected":false},"author":1,"featured_media":0,"comment_status":"open","ping_status":"open","sticky":false,"template":"","format":"standard","meta":{"footnotes":""},"categories":[4,10,9,7],"tags":[],"class_list":["post-348","post","type-post","status-publish","format-standard","hentry","category-competiciones","category-fotografia","category-multimedia","category-noticias"],"_links":{"self":[{"href":"http:\/\/www.arqueroszamora.es\/index.php\/wp-json\/wp\/v2\/posts\/348","targetHints":{"allow":["GET"]}}],"collection":[{"href":"http:\/\/www.arqueroszamora.es\/index.php\/wp-json\/wp\/v2\/posts"}],"about":[{"href":"http:\/\/www.arqueroszamora.es\/index.php\/wp-json\/wp\/v2\/types\/post"}],"author":[{"embeddable":true,"href":"http:\/\/www.arqueroszamora.es\/index.php\/wp-json\/wp\/v2\/users\/1"}],"replies":[{"embeddable":true,"href":"http:\/\/www.arqueroszamora.es\/index.php\/wp-json\/wp\/v2\/comments?post=348"}],"version-history":[{"count":0,"href":"http:\/\/www.arqueroszamora.es\/index.php\/wp-json\/wp\/v2\/posts\/348\/revisions"}],"wp:attachment":[{"href":"http:\/\/www.arqueroszamora.es\/index.php\/wp-json\/wp\/v2\/media?parent=348"}],"wp:term":[{"taxonomy":"category","embeddable":true,"href":"http:\/\/www.arqueroszamora.es\/index.php\/wp-json\/wp\/v2\/categories?post=348"},{"taxonomy":"post_tag","embeddable":true,"href":"http:\/\/www.arqueroszamora.es\/index.php\/wp-json\/wp\/v2\/tags?post=348"}],"curies":[{"name":"wp","href":"https:\/\/api.w.org\/{rel}","templated":true}]}}