{"id":456,"date":"2013-01-14T23:33:57","date_gmt":"2013-01-14T21:33:57","guid":{"rendered":"http:\/\/www.arqueroszamora.es\/?p=456"},"modified":"2013-01-22T01:25:57","modified_gmt":"2013-01-21T23:25:57","slug":"bronce-para-beatriz-manso-en-el-territorial-absoluto-de-tiro-con-arco","status":"publish","type":"post","link":"http:\/\/www.arqueroszamora.es\/index.php\/2013\/01\/14\/bronce-para-beatriz-manso-en-el-territorial-absoluto-de-tiro-con-arco\/","title":{"rendered":"BRONCE PARA BEATRIZ MANSO EN EL TERRITORIAL ABSOLUTO DE TIRO CON ARCO"},"content":{"rendered":"<p><a href=\"https:\/\/picasaweb.google.com\/106705070378411861359\/CTOCASTILLAYLEONABSOLUTOCABRERIZOSSALAMANCA\"><img loading=\"lazy\" decoding=\"async\" class=\"alignleft  wp-image-457\" title=\"130113_RegionalAbsoluto\" src=\"http:\/\/www.arqueroszamora.es\/wp-content\/uploads\/2013\/01\/130113_RegionalAbsoluto.jpg\" alt=\"\" width=\"238\" height=\"336\" srcset=\"http:\/\/www.arqueroszamora.es\/wp-content\/uploads\/2013\/01\/130113_RegionalAbsoluto.jpg 340w, http:\/\/www.arqueroszamora.es\/wp-content\/uploads\/2013\/01\/130113_RegionalAbsoluto-212x300.jpg 212w\" sizes=\"auto, (max-width: 238px) 100vw, 238px\" \/><\/a>La cadete <strong>Beatriz Manso<\/strong> del C. D. Arqueros Zamora Reny Picot lograba un importante bronce para su carrera deportiva en el Campeonato Territorial Absoluto de Castilla y Le\u00f3n de Tiro con Arco Recurvo y Compuesto celebrado en Cabrerizos, Salamanca, y organizado por el C.D. La Flecha este fin de semana, al que asistieron cerca de 80 arqueros de toda Castilla y Le\u00f3n<br \/>\nDel club zamorano acudieron a la competici\u00f3n los cadetes <strong>Beatriz Manso<\/strong> y <strong>\u00c1lvaro Artime<\/strong>; <strong>Judith Sastre<\/strong>, <strong>Pablo Garc\u00eda<\/strong> y <strong>Mirian Bragado<\/strong> como junior . <strong>Mati Pe\u00f1a<\/strong>, <strong>Ramiro Portales<\/strong> y <strong>Daniel Garc\u00eda<\/strong> como senior.<br \/>\nS\u00f3lo <strong>Beatriz<\/strong> logr\u00f3 e esta ocasi\u00f3n subir al caj\u00f3n, pero no por ello fue mal d\u00eda para el resto, dado que en la clasificatoria entraban en eliminatorias <strong>Mati<\/strong>, <strong>Ramiro<\/strong>, <strong>Beatriz<\/strong> y <strong>Mirian<\/strong>, un gran balance dado el buen nivel que se exhibi\u00f3 entre los diez primeros clasificados de cada modalidad tanto masculina como femenina.<br \/>\nLos tres primeros lograron llegar a semis. <strong>Beatriz Manso<\/strong>, actual subcampeona de Espa\u00f1a Cadete de Aire Libre, despu\u00e9s de caer en la lucha por la final ante la que ser\u00eda finalmente campeona, la charra <strong>Helena Fern\u00e1ndez<\/strong>, que ha sido varias veces campeona de Espa\u00f1a y miembro de la selecci\u00f3n nacional absoluta, en la lucha por el bronce eliminaba a su rival con autoridad y se tra\u00eda para Zamora un valioso bronce.<br \/>\n<strong>Ramiro Portales<\/strong>, que iba ganando 5-1 al representante burgal\u00e9s, una de las entradas no la hizo bien y dio pie al rival a creer en la remontada. Y as\u00ed fue. Cay\u00f3 por un 5-7 despu\u00e9s de tener que romper el empate 5-5 a una flecha. Presea de chocolate para el zamorano. <!--more--><br \/>\nA <strong>Mati<\/strong> le toc\u00f3 en suerte una buena tiradora salmantina y a punto estuvo de dar la sorpresa, pero una buena reacci\u00f3n final de la charra dej\u00f3 a la nuestra con la medalla de chocolate.<br \/>\n<strong>Mirian<\/strong>, que hab\u00eda hecho su mejor marca personal en sala, tambi\u00e9n estuvo a punto de ganar su enfrentamiento de cuartos, pero la contrincante era una experimentada arquera que supo sobreponerse a la presi\u00f3n de la zamorana y ganarla finalmente.<strong> Mirian<\/strong> ser\u00eda 5\u00aa. Sin duda un buen puesto.<br \/>\n<strong>Pablo Garc\u00eda<\/strong>, que suele ser un baluarte zamorano, acus\u00f3 falta de entrenamiento y sobre todo el excesivo fr\u00edo reinante en el pabell\u00f3n, lo que hac\u00eda que los m\u00fasculos no le entraran en calor en las seis horas de competici\u00f3n y por ello estuviera muy lejos de su mejor marca personal.<br \/>\nResaltar el buen papel del joven <strong>\u00c1lvaro Artime<\/strong> que en la primera manga lograba situarse en 6\u00aa posici\u00f3n, pero en la segunda no pudo mantener el nivel y finalmente no entr\u00f3 en eliminatorias.<br \/>\nTanto<strong> Judith Sastre<\/strong> como <strong>Daniel Garc\u00eda<\/strong>\u00a0hicieron una buena tirada pero no lo suficiente como para disputar las medallas.<br \/>\nLa pr\u00f3xima cita de los arqueros zamoranos ser\u00e1 el pr\u00f3ximo d\u00eda 20 y precisamente en Zamora, en la Ciudad Deportiva. El <strong>C.D.Arqueros Zamora Reny Picot<\/strong> organiza el Campeonato Territorial Junior, Cadete y de Menores y I Tirada de la Liga Territorial de Edades. El club zamorano presentar\u00e1 a cerca de treinta arqueros para premiarles por su esfuerzo y al mimso tiempo intentar que los m\u00e1s peque\u00f1os se vayan familiarizando con la competici\u00f3n , pero en un ambiente l\u00fadico y festivo.<\/p>\n","protected":false},"excerpt":{"rendered":"<p>La cadete Beatriz Manso del C. D. Arqueros Zamora Reny Picot lograba un importante bronce para su carrera deportiva en el Campeonato Territorial Absoluto de Castilla y Le\u00f3n de Tiro con Arco Recurvo y Compuesto celebrado en Cabrerizos, Salamanca, y organizado por el C.D. La Flecha este fin de semana, al que asistieron cerca de\u2026 <span class=\"read-more\"><a href=\"http:\/\/www.arqueroszamora.es\/index.php\/2013\/01\/14\/bronce-para-beatriz-manso-en-el-territorial-absoluto-de-tiro-con-arco\/\">Leer m\u00e1s &raquo;<\/a><\/span><\/p>\n","protected":false},"author":1,"featured_media":0,"comment_status":"open","ping_status":"open","sticky":false,"template":"","format":"standard","meta":{"footnotes":""},"categories":[4,7],"tags":[],"class_list":["post-456","post","type-post","status-publish","format-standard","hentry","category-competiciones","category-noticias"],"_links":{"self":[{"href":"http:\/\/www.arqueroszamora.es\/index.php\/wp-json\/wp\/v2\/posts\/456","targetHints":{"allow":["GET"]}}],"collection":[{"href":"http:\/\/www.arqueroszamora.es\/index.php\/wp-json\/wp\/v2\/posts"}],"about":[{"href":"http:\/\/www.arqueroszamora.es\/index.php\/wp-json\/wp\/v2\/types\/post"}],"author":[{"embeddable":true,"href":"http:\/\/www.arqueroszamora.es\/index.php\/wp-json\/wp\/v2\/users\/1"}],"replies":[{"embeddable":true,"href":"http:\/\/www.arqueroszamora.es\/index.php\/wp-json\/wp\/v2\/comments?post=456"}],"version-history":[{"count":0,"href":"http:\/\/www.arqueroszamora.es\/index.php\/wp-json\/wp\/v2\/posts\/456\/revisions"}],"wp:attachment":[{"href":"http:\/\/www.arqueroszamora.es\/index.php\/wp-json\/wp\/v2\/media?parent=456"}],"wp:term":[{"taxonomy":"category","embeddable":true,"href":"http:\/\/www.arqueroszamora.es\/index.php\/wp-json\/wp\/v2\/categories?post=456"},{"taxonomy":"post_tag","embeddable":true,"href":"http:\/\/www.arqueroszamora.es\/index.php\/wp-json\/wp\/v2\/tags?post=456"}],"curies":[{"name":"wp","href":"https:\/\/api.w.org\/{rel}","templated":true}]}}