{"id":729,"date":"2013-06-16T23:26:35","date_gmt":"2013-06-16T21:26:35","guid":{"rendered":"http:\/\/www.arqueroszamora.es\/?p=729"},"modified":"2013-06-18T23:47:02","modified_gmt":"2013-06-18T21:47:02","slug":"campeonato-provincial-de-tiro-con-arco-aire-libre-2013","status":"publish","type":"post","link":"http:\/\/www.arqueroszamora.es\/index.php\/2013\/06\/16\/campeonato-provincial-de-tiro-con-arco-aire-libre-2013\/","title":{"rendered":"CAMPEONATO PROVINCIAL DE TIRO CON ARCO AIRE LIBRE 2013"},"content":{"rendered":"<p style=\"text-align: justify;\">El C.D. Arqueros Zamora Reny Picot organiz\u00f3 el domingo en el IES Alfonso IX de Zamora el Campeonato Provincial de Aire Libre al que asistieron un total de veinte arqueros senior, todos del club zamorano.<br \/>\nEn una ma\u00f1ana c\u00e1lida y agradable, los participantes disputaron las tandas clasificatorias con 72 flechas a las distancias de 70m. los de arco recurvo y de 50m. los de arco compuesto en tandas de 6 flechas. Las eliminatorias fueron desde cuartos de final en arco recurvo y desde semifinales en arco compuesto. El objetivo de hacer estas eliminatorias era \u00fanicamente para que aquellos arqueros que est\u00e1n en competici\u00f3n territorial o nacional est\u00e9n m\u00e1s entrenados mentalmente para esta situaci\u00f3n que requiere templanza y mente fr\u00eda.<br \/>\nLos podios fueron en arco recurvo masculino: Ramiro Portales Carretero seguido de Tano y de Jos\u00e9 Luis Delgado. En arco recurvo femenino el campeonato fue para Beatriz Manso y en segundo lugar Mirian Bragado. El oro en arco compuesto masculino fue para Carlos Garc\u00eda, seguido de Daniel Garc\u00eda y Fernando Calzada. En esta misma modalidad pero en mujeres Matilde Pe\u00f1a se llev\u00f3 el oro.<br \/>\nDespu\u00e9s de la entrega de trofeos, todos los participantes degustaron las viandas que cada uno hab\u00eda llevado para poner en com\u00fan y en un ambiente de gran camarader\u00eda clausuraron el campeonato.<\/p>\n<p style=\"text-align: center;\"><a href=\"http:\/\/www.arqueroszamora.es\/wp-content\/uploads\/2013\/06\/Convocatoria.pdf\" target=\"_blank\">CONVOCATORIA<\/a><\/p>\n<p style=\"text-align: center;\"><a title=\"Fotograf\u00edas de la competici\u00f3n\" href=\"https:\/\/picasaweb.google.com\/106705070378411861359\/PROVINCIALAIRELIBRE2013\" target=\"_blank\">FOTOGRAF\u00cdAS DEL EVENTO<\/a><\/p>\n<p style=\"text-align: center;\"><a href=\"http:\/\/www.arqueroszamora.es\/wp-content\/uploads\/2013\/06\/Foto_de_grupo_provincial.jpg\"><img loading=\"lazy\" decoding=\"async\" class=\"aligncenter size-full wp-image-764\" alt=\"Foto de grupo del torneo\" src=\"http:\/\/www.arqueroszamora.es\/wp-content\/uploads\/2013\/06\/Foto_de_grupo_provincial.jpg\" width=\"640\" height=\"480\" srcset=\"http:\/\/www.arqueroszamora.es\/wp-content\/uploads\/2013\/06\/Foto_de_grupo_provincial.jpg 640w, http:\/\/www.arqueroszamora.es\/wp-content\/uploads\/2013\/06\/Foto_de_grupo_provincial-300x225.jpg 300w\" sizes=\"auto, (max-width: 640px) 100vw, 640px\" \/><\/a><\/p>\n","protected":false},"excerpt":{"rendered":"<p>El C.D. Arqueros Zamora Reny Picot organiz\u00f3 el domingo en el IES Alfonso IX de Zamora el Campeonato Provincial de Aire Libre al que asistieron un total de veinte arqueros senior, todos del club zamorano. En una ma\u00f1ana c\u00e1lida y agradable, los participantes disputaron las tandas clasificatorias con 72 flechas a las distancias de 70m.\u2026 <span class=\"read-more\"><a href=\"http:\/\/www.arqueroszamora.es\/index.php\/2013\/06\/16\/campeonato-provincial-de-tiro-con-arco-aire-libre-2013\/\">Leer m\u00e1s &raquo;<\/a><\/span><\/p>\n","protected":false},"author":1,"featured_media":0,"comment_status":"open","ping_status":"open","sticky":false,"template":"","format":"standard","meta":{"footnotes":""},"categories":[4],"tags":[],"class_list":["post-729","post","type-post","status-publish","format-standard","hentry","category-competiciones"],"_links":{"self":[{"href":"http:\/\/www.arqueroszamora.es\/index.php\/wp-json\/wp\/v2\/posts\/729","targetHints":{"allow":["GET"]}}],"collection":[{"href":"http:\/\/www.arqueroszamora.es\/index.php\/wp-json\/wp\/v2\/posts"}],"about":[{"href":"http:\/\/www.arqueroszamora.es\/index.php\/wp-json\/wp\/v2\/types\/post"}],"author":[{"embeddable":true,"href":"http:\/\/www.arqueroszamora.es\/index.php\/wp-json\/wp\/v2\/users\/1"}],"replies":[{"embeddable":true,"href":"http:\/\/www.arqueroszamora.es\/index.php\/wp-json\/wp\/v2\/comments?post=729"}],"version-history":[{"count":0,"href":"http:\/\/www.arqueroszamora.es\/index.php\/wp-json\/wp\/v2\/posts\/729\/revisions"}],"wp:attachment":[{"href":"http:\/\/www.arqueroszamora.es\/index.php\/wp-json\/wp\/v2\/media?parent=729"}],"wp:term":[{"taxonomy":"category","embeddable":true,"href":"http:\/\/www.arqueroszamora.es\/index.php\/wp-json\/wp\/v2\/categories?post=729"},{"taxonomy":"post_tag","embeddable":true,"href":"http:\/\/www.arqueroszamora.es\/index.php\/wp-json\/wp\/v2\/tags?post=729"}],"curies":[{"name":"wp","href":"https:\/\/api.w.org\/{rel}","templated":true}]}}