{"id":745,"date":"2013-06-11T23:13:14","date_gmt":"2013-06-11T21:13:14","guid":{"rendered":"http:\/\/www.arqueroszamora.es\/?p=745"},"modified":"2013-06-14T18:57:24","modified_gmt":"2013-06-14T16:57:24","slug":"excelente-actuacion-de-los-arqueros-zamoranos-en-salamanca","status":"publish","type":"post","link":"http:\/\/www.arqueroszamora.es\/index.php\/2013\/06\/11\/excelente-actuacion-de-los-arqueros-zamoranos-en-salamanca\/","title":{"rendered":"EXCELENTE ACTUACI\u00d3N DE LOS ARQUEROS ZAMORANOS EN SALAMANCA."},"content":{"rendered":"<div id=\"attachment_747\" style=\"width: 330px\" class=\"wp-caption alignright\"><a href=\"http:\/\/www.arqueroszamora.es\/wp-content\/uploads\/2013\/06\/LOS-SIETE-MAGN\u00cdFICOS-EN-SALAMANCA.jpg\" target=\"_blank\"><img loading=\"lazy\" decoding=\"async\" aria-describedby=\"caption-attachment-747\" class=\" wp-image-747    \" title=\"Arqueros Zamoranos en el Torneo Helm\u00e1ntico\" alt=\"LOS SIETE MAGN\u00cdFICOS EN SALAMANCA\" src=\"http:\/\/www.arqueroszamora.es\/wp-content\/uploads\/2013\/06\/LOS-SIETE-MAGN\u00cdFICOS-EN-SALAMANCA.jpg\" width=\"320\" height=\"230\" \/><\/a><p id=\"caption-attachment-747\" class=\"wp-caption-text\">Carlos Garc\u00eda, Alvaro Artime, Jose Manuel Quintano \u00abTano\u00bb, Jose Luis Delgado, Ramiro Portales, Mati Pe\u00f1a y Daniel Garc\u00eda.<\/p><\/div>\n<p>Cinco medallas con siete participantes es suficiente para catalogar de excelente la participaci\u00f3n de los arqueros zamoranos del C. D. Arqueros Zamora Reny Picot que se desplazaron a Salamanca el domingo para competir en el Trofeo Nacional Helm\u00e1ntica que organiz\u00f3 el Club la Flecha de Salamanca y en el que participaron 76 arqueros de casi toda Castilla y Le\u00f3n.<br \/>\n<strong>Carlos Garc\u00eda<\/strong>,<strong> Ramiro Portales<\/strong>, <strong>Tano<\/strong>,<strong> Jos\u00e9 Luis Delgado<\/strong>,<strong> Mati Pe\u00f1a<\/strong>,<strong> \u00c1lvaro Artime<\/strong> y<strong> Daniel Garc\u00eda<\/strong> acudieron a disputar en categor\u00eda senior, excepto <strong>\u00c1lvaro<\/strong> que iba como cadete, el <strong>Trofeo Hem\u00e1ntico<\/strong> en una ma\u00f1ana que promet\u00eda lluvia y viento y finalmente se quedo en viento pero con una temperatura agradable.<br \/>\nTodos ellos se metieron en eliminatorias: <strong>Carlos<\/strong>,<strong> Ramiro<\/strong>,<strong> Mati<\/strong> y <strong>\u00c1lvaro<\/strong> en primer lugar. <strong>Jos\u00e9 Luis<\/strong> entraba como segundo clasificado. <strong>Tano<\/strong> el 7\u00ba y <strong>Daniel<\/strong> el 8\u00ba.<br \/>\nLas eliminatorias se desarrollaron bajo par\u00e1metros semejantes a la clasificatooria y si bien alguno subi\u00f3 otros bajaron. <strong>Ramiro<\/strong> en esta ocasi\u00f3n hac\u00eda valer la condici\u00f3n de favorito y as\u00ed lleg\u00f3 hasta conseguir el oro. En su modalidad <strong>Jos\u00e9 Luis<\/strong>, muy nervioso por ser la primera vez que estaba en eliminatorias, no pudo asegurar la plata y se qued\u00f3 con el bronce. <strong>Tano<\/strong> cay\u00f3 en cuartos contra su compa\u00f1ero <strong>Jos\u00e9 Luis<\/strong>, a\u00fan as\u00ed logr\u00f3 mantener el 7\u00ba lugar.<br \/>\n<strong>\u00c1lvaro<\/strong> supo ganar esta vez el oro a pesar de no estar c\u00f3modo en todo el torneo.<br \/>\n<img loading=\"lazy\" decoding=\"async\" class=\"alignleft  wp-image-746\" alt=\"Carlos Garc\u00eda tiene buenos amigos  y dif\u00edciles rivales en tierras charras\" src=\"http:\/\/www.arqueroszamora.es\/wp-content\/uploads\/2013\/06\/Carlos-Garc\u00eda-tiene-buenos-amigos-y-dif\u00edciles-rivales-en-tierras-charras.jpg\" width=\"240\" height=\"170\" \/>En arco compuesto <strong>Mati<\/strong> demostr\u00f3 que est\u00e1 yendo a m\u00e1s y no cedi\u00f3 el primer lugar manteniendo y trayendo para <strong>Zamora<\/strong> el tercer oro.<br \/>\n<strong>Carlos Garc\u00eda<\/strong>,tambi\u00e9n entre los favoritos, lo ten\u00eda todo a favor para el oro pero la \u00faltima flecha la tir\u00f3 precipitado y le llev\u00f3 a la plata y de paso le record\u00f3 que el ritmo de tiro y concentraci\u00f3n hay que mantenerlo hasta el final y que hasta el rabo todo es toro.<br \/>\nA <strong>Daniel Garc\u00eda<\/strong> el viento le hizo da\u00f1o en exceso tanto en la clasificatoria como en las eliminatorias en las que bajo del 8\u00ba al 9\u00ba lugar.<br \/>\nEl club zamorano fue segundo en el medallero por detr\u00e1s del club charro Arqueros de Sol XIV. Este trofeo fue un buen test de cara al campeonato de Territorial que se celebrar\u00e1 el 23 de junio en Guijuelo y que de repetir actuaci\u00f3n el balance ser\u00eda extraordinario.<\/p>\n<p style=\"text-align: center;\">\u00bb~~~&gt;C.D. Arqueros Zamora Reny Picot&lt;~~~\u00ab<\/p>\n<p style=\"text-align: center;\"><a title=\"Arqueros de Zamora en el Torneo Helm\u00e1ntica\" href=\"https:\/\/picasaweb.google.com\/106705070378411861359\/TROFEOHELMANTICA2013\">GALER\u00cdA FOTOGR\u00c1FICA<\/a><\/p>\n<div id=\"attachment_748\" style=\"width: 610px\" class=\"wp-caption aligncenter\"><a href=\"http:\/\/www.arqueroszamora.es\/wp-content\/uploads\/2013\/06\/ZAMORANOS-QUE-SUBIERON-AL-PODIO-CON-SUS-TROFEOS.jpg\" target=\"_blank\"><img loading=\"lazy\" decoding=\"async\" aria-describedby=\"caption-attachment-748\" class=\"size-full wp-image-748 \" alt=\"ZAMORANOS  QUE SUBIERON AL PODIO CON SUS TROFEOS\" src=\"http:\/\/www.arqueroszamora.es\/wp-content\/uploads\/2013\/06\/ZAMORANOS-QUE-SUBIERON-AL-PODIO-CON-SUS-TROFEOS.jpg\" width=\"600\" height=\"450\" srcset=\"http:\/\/www.arqueroszamora.es\/wp-content\/uploads\/2013\/06\/ZAMORANOS-QUE-SUBIERON-AL-PODIO-CON-SUS-TROFEOS.jpg 600w, http:\/\/www.arqueroszamora.es\/wp-content\/uploads\/2013\/06\/ZAMORANOS-QUE-SUBIERON-AL-PODIO-CON-SUS-TROFEOS-300x225.jpg 300w\" sizes=\"auto, (max-width: 600px) 100vw, 600px\" \/><\/a><p id=\"caption-attachment-748\" class=\"wp-caption-text\">Carlos, Mati, \u00c1lvaro, Ramiro y Jose Luis.<\/p><\/div>\n","protected":false},"excerpt":{"rendered":"<p>Cinco medallas con siete participantes es suficiente para catalogar de excelente la participaci\u00f3n de los arqueros zamoranos del C. D. Arqueros Zamora Reny Picot que se desplazaron a Salamanca el domingo para competir en el Trofeo Nacional Helm\u00e1ntica que organiz\u00f3 el Club la Flecha de Salamanca y en el que participaron 76 arqueros de casi\u2026 <span class=\"read-more\"><a href=\"http:\/\/www.arqueroszamora.es\/index.php\/2013\/06\/11\/excelente-actuacion-de-los-arqueros-zamoranos-en-salamanca\/\">Leer m\u00e1s &raquo;<\/a><\/span><\/p>\n","protected":false},"author":1,"featured_media":0,"comment_status":"open","ping_status":"open","sticky":false,"template":"","format":"standard","meta":{"footnotes":""},"categories":[4,7],"tags":[],"class_list":["post-745","post","type-post","status-publish","format-standard","hentry","category-competiciones","category-noticias"],"_links":{"self":[{"href":"http:\/\/www.arqueroszamora.es\/index.php\/wp-json\/wp\/v2\/posts\/745","targetHints":{"allow":["GET"]}}],"collection":[{"href":"http:\/\/www.arqueroszamora.es\/index.php\/wp-json\/wp\/v2\/posts"}],"about":[{"href":"http:\/\/www.arqueroszamora.es\/index.php\/wp-json\/wp\/v2\/types\/post"}],"author":[{"embeddable":true,"href":"http:\/\/www.arqueroszamora.es\/index.php\/wp-json\/wp\/v2\/users\/1"}],"replies":[{"embeddable":true,"href":"http:\/\/www.arqueroszamora.es\/index.php\/wp-json\/wp\/v2\/comments?post=745"}],"version-history":[{"count":0,"href":"http:\/\/www.arqueroszamora.es\/index.php\/wp-json\/wp\/v2\/posts\/745\/revisions"}],"wp:attachment":[{"href":"http:\/\/www.arqueroszamora.es\/index.php\/wp-json\/wp\/v2\/media?parent=745"}],"wp:term":[{"taxonomy":"category","embeddable":true,"href":"http:\/\/www.arqueroszamora.es\/index.php\/wp-json\/wp\/v2\/categories?post=745"},{"taxonomy":"post_tag","embeddable":true,"href":"http:\/\/www.arqueroszamora.es\/index.php\/wp-json\/wp\/v2\/tags?post=745"}],"curies":[{"name":"wp","href":"https:\/\/api.w.org\/{rel}","templated":true}]}}