{"id":783,"date":"2013-06-24T22:17:40","date_gmt":"2013-06-24T20:17:40","guid":{"rendered":"http:\/\/www.arqueroszamora.es\/?p=783"},"modified":"2013-06-24T22:28:25","modified_gmt":"2013-06-24T20:28:25","slug":"territorial-absoluto-de-aire-libre-en-guijuelo","status":"publish","type":"post","link":"http:\/\/www.arqueroszamora.es\/index.php\/2013\/06\/24\/territorial-absoluto-de-aire-libre-en-guijuelo\/","title":{"rendered":"Territorial absoluto de aire libre en Guijuelo"},"content":{"rendered":"<div id=\"attachment_784\" style=\"width: 160px\" class=\"wp-caption alignleft\"><img loading=\"lazy\" decoding=\"async\" aria-describedby=\"caption-attachment-784\" class=\"size-thumbnail wp-image-784   \" title=\"Cartel Campeonato\" alt=\"CARTEL\" src=\"http:\/\/www.arqueroszamora.es\/wp-content\/uploads\/2013\/06\/CARTEL-150x150.jpg\" width=\"150\" height=\"150\" \/><p id=\"caption-attachment-784\" class=\"wp-caption-text\">Cartel Campeonato Absoluto Castilla y Le\u00f3n Tiro con arco Guijuelo<\/p><\/div>\n<p><b>EL C.D. ARQUEROS ZAMORA RENY PICOT COSECH\u00d3 BUENOS RESULTADOS PARA ZAMORA EN EL TERRITORIAL DE AIRE LIBRE.<\/b><br \/>\nLos zamoranos volvieron a demostrar una vez m\u00e1s que pisan fuerte en el tiro con arco castellano y leon\u00e9s. En esta ocasi\u00f3n no se trataba de un torneo social sino del Campeonato Territorial de Aire Libre, celebrado en <strong>Guijuelo<\/strong> y organizado por el<strong> C.D. Arqueros de Sol XIV<\/strong> y al que asistieron un total de 60 arqueros senior de toda la regi\u00f3n, entre los que se encontraban los diez zamoranos: <strong>Mati Pe\u00f1a, Beatriz Manso, Ramiro Portales, Carlos Garc\u00eda, Jos\u00e9 Manuel Quintano, Jos\u00e9 Luis Delgado, Rufino Manso, Mirian Bragado, Jos\u00e9 M\u00aa. Flores y Daniel Garc\u00eda<\/strong>. Este Campeonato dej\u00f3 en Zamora un oro, una plata y dos bronces y por ende el primer lugar en el medallero regional.<br \/>\nLa presea de oro la consigui\u00f3 <strong>Beatriz<\/strong>, cadete que compiti\u00f3 como senior, en arco recurvo femenino. En esta misma categor\u00eda y modalidad, la junior, <strong>Mirian Bragado<\/strong> la acompa\u00f1aba en el podio con un merecido bronce.<div id=\"attachment_788\" style=\"width: 310px\" class=\"wp-caption alignright\"><a href=\"http:\/\/www.arqueroszamora.es\/wp-content\/uploads\/2013\/06\/podio-de-recurvo-con-Bea-y-Mirian.jpg\" target=\"_blank\"><img loading=\"lazy\" decoding=\"async\" aria-describedby=\"caption-attachment-788\" class=\"size-medium wp-image-788 \" alt=\"podio de recurvo con Bea y Mirian\" src=\"http:\/\/www.arqueroszamora.es\/wp-content\/uploads\/2013\/06\/podio-de-recurvo-con-Bea-y-Mirian-300x212.jpg\" width=\"300\" height=\"212\" srcset=\"http:\/\/www.arqueroszamora.es\/wp-content\/uploads\/2013\/06\/podio-de-recurvo-con-Bea-y-Mirian-300x212.jpg 300w, http:\/\/www.arqueroszamora.es\/wp-content\/uploads\/2013\/06\/podio-de-recurvo-con-Bea-y-Mirian.jpg 800w\" sizes=\"auto, (max-width: 300px) 100vw, 300px\" \/><\/a><p id=\"caption-attachment-788\" class=\"wp-caption-text\">Podio Ol\u00edmpico Femenino<\/p><\/div><br \/>\n<strong>Beatriz<\/strong> partir\u00e1 en julio rumbo a Corea, invitada por el entrenados nacional, el coreano <strong>Cho<\/strong>, para entrenar en la cuna del tiro con arco moderno y empaparse de la t\u00e9cnica, m\u00e9todos de entrenamiento y filosof\u00eda que est\u00e1 implantando en Espa\u00f1a desde hace seis a\u00f1os y que ya est\u00e1 comenzando a dar frutos.<br \/>\nEn arco compuesto la plata fue para\u00a0<strong>Carlos Garc\u00eda<\/strong>; empez\u00f3 mal pero fue a m\u00e1s a medida que avanzaba la competici\u00f3n. En cuartos eliminaba a <strong>Sa\u00fal Ceruelo<\/strong>, de Valladolid; en semis ape\u00f3 al medalla de bronce europeo<strong> Gonzalo S\u00e1nchez Notario<\/strong>, de \u00c1vila y en la final contra el internacional vallisoletano<strong> Luis Miguel de la Torre<\/strong> tuvo la posibilidad de \u00a0empatar en la \u00faltima flecha y jug\u00e1rselo todo en la flecha de desempate, pero no pudo ser. No obstante la plata le supo a oro despu\u00e9s de ver c\u00f3mo comenz\u00f3 el campeonato.<br \/>\n<strong>Mati Pe\u00f1a<\/strong>, tambi\u00e9n en arco compuesto, con una labor de hormiga, fue escalando pelda\u00f1os en la clasificatoria hasta meterse la tercera y pelear en semis con la excampeona de Espa\u00f1a Mar\u00eda G\u00f3mez, a la que tuvo en sus manos, pero no pudo ganarla y meterse en la final. As\u00ed pues, no le qued\u00f3 otra que luchar por el bronce contra <strong>Sonsoles Bouzas<\/strong>, a quien gan\u00f3 finalmente.<br \/>\nDonde esta vez no se subi\u00f3 al podio fue en recurvo masculino. Part\u00edan con esperanzas <strong>Ramiro Portales<\/strong> y <strong>Jos\u00e9 Luis Delgado<\/strong>, sin embargo los dos cayeron en cuartos no sin antes presentar severa batalla: <strong>Ramiro<\/strong> al astorgano <strong>Manuel Rodr\u00edguez<\/strong> y <strong>Jose Luis Delgado<\/strong> al ol\u00edmpico <strong>Daniel Morillo<\/strong>, contra el que logr\u00f3 empatar \u00a0a cinco puntos y caer en la flecha de desempate \u00a0por un solo punto. Tanto\u00a0<strong>Ramiro<\/strong> con <strong>Jose Luis<\/strong> quedaron en 5\u00ba lugar.<br \/>\nEl resto de la expedici\u00f3n no se clasific\u00f3 para las eliminatorias, algunos por muy poco.<br \/>\nEn definitiva, buenas sensaciones para los zamoranos. El pr\u00f3ximo evento ser\u00e1 ante su p\u00fablico, ya que el domingo organizan en Zamora el decano de los torneos veraniegos: El San Pedro, al acudir\u00e1n cerca de 70 tiradores contrastados.<\/p>\n<p style=\"text-align: center;\"><a title=\"Fotograf\u00edas del Campeonato Absoluto de Tiro con Arco al Aire Libre\" href=\"https:\/\/picasaweb.google.com\/106705070378411861359\/CTOCASTILLAYLEONAIRELIBRE\" target=\"_blank\">LAS FOTOGRAF\u00cdAS<\/a><\/p>\n<div id=\"attachment_785\" style=\"width: 710px\" class=\"wp-caption aligncenter\"><a href=\"http:\/\/www.arqueroszamora.es\/wp-content\/uploads\/2013\/06\/medallistas-zamoranos.jpg\" target=\"_blank\"><img loading=\"lazy\" decoding=\"async\" aria-describedby=\"caption-attachment-785\" class=\"size-full wp-image-785  \" title=\"Medallistas en el Territorial Absoluto de Guijuelo\" alt=\"medallistas zamoranos\" src=\"http:\/\/www.arqueroszamora.es\/wp-content\/uploads\/2013\/06\/medallistas-zamoranos.jpg\" width=\"700\" height=\"349\" srcset=\"http:\/\/www.arqueroszamora.es\/wp-content\/uploads\/2013\/06\/medallistas-zamoranos.jpg 700w, http:\/\/www.arqueroszamora.es\/wp-content\/uploads\/2013\/06\/medallistas-zamoranos-300x149.jpg 300w\" sizes=\"auto, (max-width: 700px) 100vw, 700px\" \/><\/a><p id=\"caption-attachment-785\" class=\"wp-caption-text\">Carlos Garc\u00eda, Beatriz Manso, Mati Pe\u00f1a y Miriam Bragado<\/p><\/div>\n<p style=\"text-align: center;\">\n","protected":false},"excerpt":{"rendered":"<p>EL C.D. ARQUEROS ZAMORA RENY PICOT COSECH\u00d3 BUENOS RESULTADOS PARA ZAMORA EN EL TERRITORIAL DE AIRE LIBRE. Los zamoranos volvieron a demostrar una vez m\u00e1s que pisan fuerte en el tiro con arco castellano y leon\u00e9s. En esta ocasi\u00f3n no se trataba de un torneo social sino del Campeonato Territorial de Aire Libre, celebrado en\u2026 <span class=\"read-more\"><a href=\"http:\/\/www.arqueroszamora.es\/index.php\/2013\/06\/24\/territorial-absoluto-de-aire-libre-en-guijuelo\/\">Leer m\u00e1s &raquo;<\/a><\/span><\/p>\n","protected":false},"author":1,"featured_media":0,"comment_status":"open","ping_status":"open","sticky":false,"template":"","format":"standard","meta":{"footnotes":""},"categories":[7],"tags":[],"class_list":["post-783","post","type-post","status-publish","format-standard","hentry","category-noticias"],"_links":{"self":[{"href":"http:\/\/www.arqueroszamora.es\/index.php\/wp-json\/wp\/v2\/posts\/783","targetHints":{"allow":["GET"]}}],"collection":[{"href":"http:\/\/www.arqueroszamora.es\/index.php\/wp-json\/wp\/v2\/posts"}],"about":[{"href":"http:\/\/www.arqueroszamora.es\/index.php\/wp-json\/wp\/v2\/types\/post"}],"author":[{"embeddable":true,"href":"http:\/\/www.arqueroszamora.es\/index.php\/wp-json\/wp\/v2\/users\/1"}],"replies":[{"embeddable":true,"href":"http:\/\/www.arqueroszamora.es\/index.php\/wp-json\/wp\/v2\/comments?post=783"}],"version-history":[{"count":0,"href":"http:\/\/www.arqueroszamora.es\/index.php\/wp-json\/wp\/v2\/posts\/783\/revisions"}],"wp:attachment":[{"href":"http:\/\/www.arqueroszamora.es\/index.php\/wp-json\/wp\/v2\/media?parent=783"}],"wp:term":[{"taxonomy":"category","embeddable":true,"href":"http:\/\/www.arqueroszamora.es\/index.php\/wp-json\/wp\/v2\/categories?post=783"},{"taxonomy":"post_tag","embeddable":true,"href":"http:\/\/www.arqueroszamora.es\/index.php\/wp-json\/wp\/v2\/tags?post=783"}],"curies":[{"name":"wp","href":"https:\/\/api.w.org\/{rel}","templated":true}]}}