{"id":810,"date":"2013-07-01T23:30:26","date_gmt":"2013-07-01T21:30:26","guid":{"rendered":"http:\/\/www.arqueroszamora.es\/?p=810"},"modified":"2013-07-02T23:00:45","modified_gmt":"2013-07-02T21:00:45","slug":"el-san-pedro-de-tiro-con-arco-dejo-cuatro-metales-en-zamora","status":"publish","type":"post","link":"http:\/\/www.arqueroszamora.es\/index.php\/2013\/07\/01\/el-san-pedro-de-tiro-con-arco-dejo-cuatro-metales-en-zamora\/","title":{"rendered":"EL SAN PEDRO DE TIRO CON ARCO DEJ\u00d3 CUATRO METALES EN ZAMORA"},"content":{"rendered":"<p style=\"text-align: justify;\"><img loading=\"lazy\" decoding=\"async\" class=\" wp-image-720 alignleft\" title=\"Delegaci\u00f3n Provincial de tiro con arco Zamora\" alt=\"DelegacionZamora\" src=\"http:\/\/www.arqueroszamora.es\/wp-content\/uploads\/2013\/05\/DelegacionZamora.png\" width=\"143\" height=\"144\" srcset=\"http:\/\/www.arqueroszamora.es\/wp-content\/uploads\/2013\/05\/DelegacionZamora.png 204w, http:\/\/www.arqueroszamora.es\/wp-content\/uploads\/2013\/05\/DelegacionZamora-150x150.png 150w\" sizes=\"auto, (max-width: 143px) 100vw, 143px\" \/>La <strong>Delegaci\u00f3n de tiro con Arco de Zamora<\/strong> ayudada por El <strong>C.D. Arqueros Zamora Reny Picot<\/strong> organiz\u00f3 brillantemente una nueva edici\u00f3n ,la XVI, del Torneo Nacional San Pedro de Tiro con Arco en la Ciudad Deportiva de Zamora el domingo, torneo veraniego que ya es un referente en este deporte en toda Castilla y Le\u00f3n y en muchas regiones for\u00e1neas.<br \/>\nCasi 70 arqueros de arco recurvo, compuesto, tradicional y Long Bow logr\u00f3 reunir la organizaci\u00f3n a pesar de que en L\u00e9rida se celebraba paralelamente el G.P. de Espa\u00f1a valedero para el Campeonato de Espa\u00f1a de Clubes. Los participantes fueron en su mayor\u00eda de Castilla y Le\u00f3n, Galicia y Asturias y a tenor de los resultados clasificatorios el nivel fue alt\u00edsimo, sobre todo en arco compuesto.<br \/>\nDiecisiete fueron los zamoranos que compitieron en arco recurvo y compuesto en una ma\u00f1ana de calor que despu\u00e9s de seis horas de competici\u00f3n ya hac\u00eda mella en tiradores y p\u00fablico. Todos hicieron unas buenas marcas en la clasificatoria, pero las eliminatorias eran desde cuartos, con lo cual s\u00f3lo los ocho mejores pod\u00edan disputar el honor de las medallas.<br \/>\nEn arco Recurvo Femenino <strong>Beatriz Manso<\/strong> volv\u00eda a demostrar el porqu\u00e9 era la favorita y se llev\u00f3 el oro frente a <strong>Isabel Berenguer<\/strong>, de Le\u00f3n. En este mismo podio la escoltaba otra zamorana, <strong>Mirian Bragado<\/strong> que recogi\u00f3 el bronce.<br \/>\nEn arco recurvo masculino, el podio honor\u00edfico fue para el astorgano <strong>Manuel Rodriguez Silva<\/strong>, seguido de <strong>Jos\u00e9 Carlos Oland\u00eda<\/strong> y del zamorano <strong>Rufino Manso<\/strong> que contra pron\u00f3stico fue superando contrincantes hasta alcanzar el bronce.<a href=\"http:\/\/www.arqueroszamora.es\/wp-content\/uploads\/2013\/07\/medallistas-zamoranos.-de-izquierda-a-derecha-Rufi-Mirian-Mati-y-Bea.jpg\" target=\"_blank\"><img loading=\"lazy\" decoding=\"async\" class=\"alignright size-medium wp-image-819\" alt=\"medallistas zamoranos. de izquierda a derecha Rufi, Mirian, Mati y Bea\" src=\"http:\/\/www.arqueroszamora.es\/wp-content\/uploads\/2013\/07\/medallistas-zamoranos.-de-izquierda-a-derecha-Rufi-Mirian-Mati-y-Bea-300x176.jpg\" width=\"300\" height=\"176\" srcset=\"http:\/\/www.arqueroszamora.es\/wp-content\/uploads\/2013\/07\/medallistas-zamoranos.-de-izquierda-a-derecha-Rufi-Mirian-Mati-y-Bea-300x176.jpg 300w, http:\/\/www.arqueroszamora.es\/wp-content\/uploads\/2013\/07\/medallistas-zamoranos.-de-izquierda-a-derecha-Rufi-Mirian-Mati-y-Bea.jpg 1024w\" sizes=\"auto, (max-width: 300px) 100vw, 300px\" \/><\/a><br \/>\nEn Arco Compuesto femenino la ganadora fue <strong>Nurya Hern\u00e1ndez<\/strong>, de Salamanca, la cual en la \u00faltima tanda logr\u00f3 derrotar a la zamorana <strong>Mati Pe\u00f1a<\/strong> por un solo punto de ventaja despu\u00e9s de ir perdiendo casi toda el campeonato. L\u00e1stima porque <strong>Mati<\/strong> ya se ve\u00eda con el oro en las manos.<br \/>\nEn Arco compuesto, esta vez <strong>Carlos Garc\u00eda<\/strong> no pudo pasar del cuarto puesto a pesar de tirar mucho mejor que el domingo pasado en Salamanca. Si en el campeonato de Castilla y le\u00f3n derrotaba a <strong>Gonzalo S\u00e1nchez-Ferrero<\/strong>, en esta ocasi\u00f3n era <strong>Carlos<\/strong> el derrotado a manos de <strong>Gonzalo<\/strong>. En esta modalidad el oro ser\u00eda para <strong>Adolfo Alonso<\/strong>, de Avil\u00e9s que derrot\u00f3 en la final a <strong>Juan Ignacio del Moral<\/strong>, de Valladolid.<br \/>\nEn arco Tradicional masculino el podio fue para <strong>Juan Antonio Prieto<\/strong>, seguido de <strong>Jes\u00fas Mar\u00eda del R\u00edo<\/strong> y de <strong>Jos\u00e9 Manuel S\u00e1nchez<\/strong>. En esta modalidad pero femenina la ganadora fue <strong>Ana Isabel de la Riva<\/strong>.<br \/>\nEn arco largo ( long Bow) el ganador fue <strong>\u00c1ngel Lorenzo<\/strong>, seguido de <strong>Santiago Villar\u00edas<\/strong> y <strong>Vicente San Pedro<\/strong>.<br \/>\nAsistieron a la entrega de trofeos El teniente de Alcalde <strong>Feliciano Fern\u00e1ndez<\/strong>, el Concejal de Deportes <strong>\u00c1ngel Luis Crespo<\/strong> y el Concejal de Obras <strong>Manuel Fern\u00e1ndez<\/strong>.<br \/>\nA continuaci\u00f3n todos los asistentes fueron invitados por la organizaci\u00f3n a un aperitivo.<\/p>\n<p style=\"text-align: center;\"><a href=\"http:\/\/www.arqueroszamora.es\/wp-content\/uploads\/2013\/07\/todos-los-participantes.jpg\" target=\"_blank\"><img loading=\"lazy\" decoding=\"async\" class=\" wp-image-811 aligncenter\" style=\"border: 2px solid green;\" alt=\"todos los participantes\" src=\"http:\/\/www.arqueroszamora.es\/wp-content\/uploads\/2013\/07\/todos-los-participantes-1024x290.jpg\" width=\"717\" height=\"203\" srcset=\"http:\/\/www.arqueroszamora.es\/wp-content\/uploads\/2013\/07\/todos-los-participantes-1024x290.jpg 1024w, http:\/\/www.arqueroszamora.es\/wp-content\/uploads\/2013\/07\/todos-los-participantes-300x85.jpg 300w\" sizes=\"auto, (max-width: 717px) 100vw, 717px\" \/><\/a><\/p>\n<p style=\"text-align: center;\"><a title=\"Fotografias dle torneo San Pedro de tiro con arco\" href=\"https:\/\/picasaweb.google.com\/106705070378411861359\/TORNEOSANPEDRO2013\" target=\"_blank\">Fotograf\u00edas del torneo<\/a><\/p>\n<p style=\"text-align: center;\"><a title=\"Fase Clasificatoria Torneo San Pedro de Tiro con Arco Zamora\" href=\"http:\/\/www.arqueroszamora.es\/wp-content\/uploads\/2013\/05\/Clasificatoria-San-Pedro-2013.pdf\" target=\"_blank\">Resultados fase Clasificatoria<\/a><\/p>\n","protected":false},"excerpt":{"rendered":"<p>La Delegaci\u00f3n de tiro con Arco de Zamora ayudada por El C.D. Arqueros Zamora Reny Picot organiz\u00f3 brillantemente una nueva edici\u00f3n ,la XVI, del Torneo Nacional San Pedro de Tiro con Arco en la Ciudad Deportiva de Zamora el domingo, torneo veraniego que ya es un referente en este deporte en toda Castilla y Le\u00f3n\u2026 <span class=\"read-more\"><a href=\"http:\/\/www.arqueroszamora.es\/index.php\/2013\/07\/01\/el-san-pedro-de-tiro-con-arco-dejo-cuatro-metales-en-zamora\/\">Leer m\u00e1s &raquo;<\/a><\/span><\/p>\n","protected":false},"author":1,"featured_media":0,"comment_status":"open","ping_status":"closed","sticky":false,"template":"","format":"standard","meta":{"footnotes":""},"categories":[4,7],"tags":[],"class_list":["post-810","post","type-post","status-publish","format-standard","hentry","category-competiciones","category-noticias"],"_links":{"self":[{"href":"http:\/\/www.arqueroszamora.es\/index.php\/wp-json\/wp\/v2\/posts\/810","targetHints":{"allow":["GET"]}}],"collection":[{"href":"http:\/\/www.arqueroszamora.es\/index.php\/wp-json\/wp\/v2\/posts"}],"about":[{"href":"http:\/\/www.arqueroszamora.es\/index.php\/wp-json\/wp\/v2\/types\/post"}],"author":[{"embeddable":true,"href":"http:\/\/www.arqueroszamora.es\/index.php\/wp-json\/wp\/v2\/users\/1"}],"replies":[{"embeddable":true,"href":"http:\/\/www.arqueroszamora.es\/index.php\/wp-json\/wp\/v2\/comments?post=810"}],"version-history":[{"count":0,"href":"http:\/\/www.arqueroszamora.es\/index.php\/wp-json\/wp\/v2\/posts\/810\/revisions"}],"wp:attachment":[{"href":"http:\/\/www.arqueroszamora.es\/index.php\/wp-json\/wp\/v2\/media?parent=810"}],"wp:term":[{"taxonomy":"category","embeddable":true,"href":"http:\/\/www.arqueroszamora.es\/index.php\/wp-json\/wp\/v2\/categories?post=810"},{"taxonomy":"post_tag","embeddable":true,"href":"http:\/\/www.arqueroszamora.es\/index.php\/wp-json\/wp\/v2\/tags?post=810"}],"curies":[{"name":"wp","href":"https:\/\/api.w.org\/{rel}","templated":true}]}}