{"id":839,"date":"2013-07-08T22:12:57","date_gmt":"2013-07-08T20:12:57","guid":{"rendered":"http:\/\/www.arqueroszamora.es\/?p=839"},"modified":"2013-07-09T16:30:57","modified_gmt":"2013-07-09T14:30:57","slug":"mas-medallas-para-el-tiro-con-arco-zamorano","status":"publish","type":"post","link":"http:\/\/www.arqueroszamora.es\/index.php\/2013\/07\/08\/mas-medallas-para-el-tiro-con-arco-zamorano\/","title":{"rendered":"M\u00c1S MEDALLAS PARA EL TIRO CON ARCO ZAMORANO."},"content":{"rendered":"<p lang=\"es-ES\" style=\"text-align: center;\"><a href=\"http:\/\/www.arqueroszamora.es\/wp-content\/uploads\/2013\/07\/DSC04318.jpg\" target=\"_blank\"><img loading=\"lazy\" decoding=\"async\" class=\" wp-image-840 aligncenter\" title=\"Participantes zamoranos en el torneo de edades de tiro con arco\" alt=\"DSC04318\" src=\"http:\/\/www.arqueroszamora.es\/wp-content\/uploads\/2013\/07\/DSC04318.jpg\" width=\"640\" height=\"205\" srcset=\"http:\/\/www.arqueroszamora.es\/wp-content\/uploads\/2013\/07\/DSC04318.jpg 800w, http:\/\/www.arqueroszamora.es\/wp-content\/uploads\/2013\/07\/DSC04318-300x96.jpg 300w\" sizes=\"auto, (max-width: 640px) 100vw, 640px\" \/><\/a><\/p>\n<p>&nbsp;<\/p>\n<p>En esta ocasi\u00f3n ha sido en el campeonato territorial de tiro con arco de menores, cadetes y junior que se celebr\u00f3 en Valladolid el domingo bajo un sol castellano de justicia. Trece j\u00f3venes arqueros benjamines, alevines, infantiles, cadetes y junior acudieron orgullosos a representar a su provincia en el citado campeonato y a competir con cerca de 60 contrincantes que mostraron un nivel mayor que en anteriores eventos. Un dato positivo para el tiro con arco castellano y leon\u00e9s. En todas las categor\u00edas subi\u00f3 al podio alg\u00fan representante zamorano. Un total de 1 oro, dos platas, tres bronces y cinco cuartos puestos fue el magn\u00edfico balance de la expedici\u00f3n zamorana.<\/p>\n<p><a href=\"http:\/\/www.arqueroszamora.es\/wp-content\/uploads\/2013\/07\/DSC04270.jpg\"><img loading=\"lazy\" decoding=\"async\" class=\"size-medium wp-image-841 alignleft\" alt=\"DSC04270\" src=\"http:\/\/www.arqueroszamora.es\/wp-content\/uploads\/2013\/07\/DSC04270-300x225.jpg\" width=\"300\" height=\"225\" srcset=\"http:\/\/www.arqueroszamora.es\/wp-content\/uploads\/2013\/07\/DSC04270-300x225.jpg 300w, http:\/\/www.arqueroszamora.es\/wp-content\/uploads\/2013\/07\/DSC04270.jpg 800w\" sizes=\"auto, (max-width: 300px) 100vw, 300px\" \/><\/a>El oro fue para la junior <strong>Mirian Bragado<\/strong> que, despu\u00e9s de un tiempo sin entrenar por los estudios, demostr\u00f3 que \u201cquien tuvo retuvo\u201d . Las platas fueron para el cadete <strong>\u00c1lvaro Artime<\/strong>, al que le supo a poco dado que fue superior en la clasificatoria pero en las eliminatorias se le fue el oro. La otra plata fue para la benjam\u00edn <strong>Sara Criado<\/strong> que sigue evidenciando una muy buena progresi\u00f3n aunque en este campeonato no hiciera su mejor tirada. Los bronces se los colgaron el benjam\u00edn <strong>Sergio Lorience<\/strong> quien poco a poco se va colando en los podios para satisfacci\u00f3n suya y de sus entrenadores.<\/p>\n<p>El alev\u00edn <strong>Luis Prada<\/strong> esperaba estar m\u00e1s alto en el podio pero esta ansiedad le llev\u00f3 a cometer m\u00e1s errores de la cuenta y aunque en la primera serie a 30m. estaba primero, en la tanda de 18m. qued\u00f3 relegado al tercer y definitivo puesto fruto de su misma disconformidad.<\/p>\n<p>El \u00faltimo bronce fue para el tirador de Fresno de la Ribera, <strong>Samuel Galv\u00e1n<\/strong> que a pesar de no hacer muy buena tirada si que logr\u00f3 lo suficiente para subir al caj\u00f3n.<\/p>\n<p>La pena estuvo en los cinco cuartos puestos de <strong>Mario Mart\u00edn, Marta Insua, Jorge \u00c1lvarez, Raquel \u00c1lvarez y Gonzalo Vaquero<\/strong> que por muy poco se les fue el bronce pero que desmostaron que en cualquier momento pueden estar en podio.<\/p>\n<p><strong>Adri\u00e1n Moreira<\/strong> quedar\u00eda 5\u00ba, al igual que <strong>M\u00f3nica Gonz\u00e1le<\/strong>z que se le fue la lucha por las medallas por una flecha caprichosa que se neg\u00f3 a entrar en la diana cuando ya parec\u00eda que todo estaba a su favor.<\/p>\n<p><span style=\"font-family: Arial, sans-serif;\"><span style=\"font-size: small;\">\u00a0<\/span><\/span><\/p>\n","protected":false},"excerpt":{"rendered":"<p>&nbsp; En esta ocasi\u00f3n ha sido en el campeonato territorial de tiro con arco de menores, cadetes y junior que se celebr\u00f3 en Valladolid el domingo bajo un sol castellano de justicia. Trece j\u00f3venes arqueros benjamines, alevines, infantiles, cadetes y junior acudieron orgullosos a representar a su provincia en el citado campeonato y a competir\u2026 <span class=\"read-more\"><a href=\"http:\/\/www.arqueroszamora.es\/index.php\/2013\/07\/08\/mas-medallas-para-el-tiro-con-arco-zamorano\/\">Leer m\u00e1s &raquo;<\/a><\/span><\/p>\n","protected":false},"author":1,"featured_media":0,"comment_status":"open","ping_status":"open","sticky":false,"template":"","format":"standard","meta":{"footnotes":""},"categories":[7],"tags":[],"class_list":["post-839","post","type-post","status-publish","format-standard","hentry","category-noticias"],"_links":{"self":[{"href":"http:\/\/www.arqueroszamora.es\/index.php\/wp-json\/wp\/v2\/posts\/839","targetHints":{"allow":["GET"]}}],"collection":[{"href":"http:\/\/www.arqueroszamora.es\/index.php\/wp-json\/wp\/v2\/posts"}],"about":[{"href":"http:\/\/www.arqueroszamora.es\/index.php\/wp-json\/wp\/v2\/types\/post"}],"author":[{"embeddable":true,"href":"http:\/\/www.arqueroszamora.es\/index.php\/wp-json\/wp\/v2\/users\/1"}],"replies":[{"embeddable":true,"href":"http:\/\/www.arqueroszamora.es\/index.php\/wp-json\/wp\/v2\/comments?post=839"}],"version-history":[{"count":0,"href":"http:\/\/www.arqueroszamora.es\/index.php\/wp-json\/wp\/v2\/posts\/839\/revisions"}],"wp:attachment":[{"href":"http:\/\/www.arqueroszamora.es\/index.php\/wp-json\/wp\/v2\/media?parent=839"}],"wp:term":[{"taxonomy":"category","embeddable":true,"href":"http:\/\/www.arqueroszamora.es\/index.php\/wp-json\/wp\/v2\/categories?post=839"},{"taxonomy":"post_tag","embeddable":true,"href":"http:\/\/www.arqueroszamora.es\/index.php\/wp-json\/wp\/v2\/tags?post=839"}],"curies":[{"name":"wp","href":"https:\/\/api.w.org\/{rel}","templated":true}]}}