{"id":866,"date":"2013-07-17T00:03:04","date_gmt":"2013-07-16T22:03:04","guid":{"rendered":"http:\/\/www.arqueroszamora.es\/?p=866"},"modified":"2013-07-19T23:39:02","modified_gmt":"2013-07-19T21:39:02","slug":"carlos-garcia-noveno-en-el-campeonato-de-espana-de-tiro-con-arco","status":"publish","type":"post","link":"http:\/\/www.arqueroszamora.es\/index.php\/2013\/07\/17\/carlos-garcia-noveno-en-el-campeonato-de-espana-de-tiro-con-arco\/","title":{"rendered":"CARLOS GARC\u00cdA NOVENO EN EL CAMPEONATO DE ESPA\u00d1A DE TIRO CON ARCO."},"content":{"rendered":"<p style=\"text-align: justify;\"><a href=\"http:\/\/www.arqueroszamora.es\/wp-content\/uploads\/2013\/07\/Un-momento-de-la-tirada-con-los-dos-zamoranos-en-acci\u00f3n.jpg\" target=\"_blank\"><img loading=\"lazy\" decoding=\"async\" class=\"alignleft size-medium wp-image-869\" alt=\"Un momento de la tirada con los dos zamoranos en acci\u00f3n\" src=\"http:\/\/www.arqueroszamora.es\/wp-content\/uploads\/2013\/07\/Un-momento-de-la-tirada-con-los-dos-zamoranos-en-acci\u00f3n-300x225.jpg\" width=\"300\" height=\"225\" srcset=\"http:\/\/www.arqueroszamora.es\/wp-content\/uploads\/2013\/07\/Un-momento-de-la-tirada-con-los-dos-zamoranos-en-acci\u00f3n-300x225.jpg 300w, http:\/\/www.arqueroszamora.es\/wp-content\/uploads\/2013\/07\/Un-momento-de-la-tirada-con-los-dos-zamoranos-en-acci\u00f3n.jpg 800w\" sizes=\"auto, (max-width: 300px) 100vw, 300px\" \/><\/a>El 12, 13 y 14 de julio se celebr\u00f3 en Cambrils el Campeonato de Espa\u00f1a Absoluto y el de Espa\u00f1a por Autonom\u00edas de Aire Libre y en el que participaron los zamoranos del C.D. Arqueros Zamora Reny Picot <strong>Carlos Garc\u00eda<\/strong> y <strong>Daniel Garc\u00eda<\/strong>, que participaba por primera vez en un campeonato de Espa\u00f1a, entre los m\u00e1s de cien participantes en la modalidad de arco compuesto.<br \/>\nBajo un calor sofocante con un alto grado de humedad, el viernes por la tarde fueron las tandas clasificatorias: 72 flechas a 50 m. sobre diana de 45 cm. en las que <strong>Carlos<\/strong> quedaba el 14 y <strong>Daniel<\/strong> el 45. Los dos acced\u00edan a las eliminatorias dado que eran desde treinta y dosavos. <strong>Carlos<\/strong> super\u00f3 con relativa facilidad su primera ronda pero <strong>Daniel<\/strong>\u00a0comenz\u00f3 mal su primera tanda y ya no pudo recuperar los puntos perdidos y qued\u00f3 eliminado siendo su puesto final el 33, puesto que le dej\u00f3 un sabor agridulce dado que sab\u00eda que pod\u00eda haber llegado m\u00e1s lejos.<br \/>\n<strong>Carlos<\/strong> continu\u00f3 en dieciseisavos y se veng\u00f3 al ganar ampliamente al valenciano que hab\u00eda eliminado a su padre en el enfrentamiento anterior.<br \/>\nEn octavos de final le toc\u00f3 en suerte el andaluz <strong>Sergio Rodr\u00edguez<\/strong>, contrastado tirador, con quien tuvo un bonito duelo y hasta la \u00faltima flecha no se sab\u00eda qui\u00e9n ganar\u00eda. La suerte no se ali\u00f3 con nuestro tirador. Perdi\u00f3 por un punto acabando as\u00ed su andadura individual en el campeonato con un noveno puesto final..<img loading=\"lazy\" decoding=\"async\" class=\"alignright size-medium wp-image-867\" alt=\"Daniel, Carlos y Jos\u00e9 Antonio formaron el equipo castellano y leon\u00e9s\" src=\"http:\/\/www.arqueroszamora.es\/wp-content\/uploads\/2013\/07\/Daniel-Carlos-y-Jos\u00e9-Antonio-formaron-el-equipo-castellano-y-leon\u00e9s-300x225.jpg\" width=\"300\" height=\"225\" srcset=\"http:\/\/www.arqueroszamora.es\/wp-content\/uploads\/2013\/07\/Daniel-Carlos-y-Jos\u00e9-Antonio-formaron-el-equipo-castellano-y-leon\u00e9s-300x225.jpg 300w, http:\/\/www.arqueroszamora.es\/wp-content\/uploads\/2013\/07\/Daniel-Carlos-y-Jos\u00e9-Antonio-formaron-el-equipo-castellano-y-leon\u00e9s.jpg 800w\" sizes=\"auto, (max-width: 300px) 100vw, 300px\" \/><br \/>\nQued\u00f3 el triste consuelo de haber perdido con el que ser\u00eda finalmente campe\u00f3n de Espa\u00f1a. Una l\u00e1stima porque a la vista de los contrincantes que quedaban y los enfrentamientos que le hubieran tocado era f\u00e1cil haber llegado a la lucha por los metales. Desde que comenz\u00f3 a entrenar de nuevo no est\u00e1 teniendo \u00a0ese punto de suerte que hay que tener en competiciones de alto nivel. En el campeonato de Castilla y Le\u00f3n se qued\u00f3 sin medalla tambi\u00e9n por un punto.<br \/>\nEn este campeonato el tirador internacional gallego <strong>Alberto Bl\u00e1zquez<\/strong> bati\u00f3 el record de Espa\u00f1a en arco compuesto al establecer una nueva marca de 703 puntos. Tambi\u00e9n otra tiradora de arco compuesto, <strong>Andrea Marcos<\/strong>, de Cantabria, establec\u00eda un nuevo record espa\u00f1ol femenino en 681 puntos. Muchos puntos tanto en hombres como mujeres.<br \/>\nEl s\u00e1bado por la tarde comenz\u00f3 la clasificatoria para el campeonato de Espa\u00f1a por Autonom\u00edas. El equipo castellano y leon\u00e9s lo formaron las tres mejores puntuaciones en la clasificatoria individual del viernes y \u00e9sta estableci\u00f3 que <strong>Carlos Garc\u00eda<\/strong>, <strong>Daniel Garc\u00eda<\/strong> y <strong>Jos\u00e9 Antonio Garc\u00eda<\/strong>, de Valladolid, formar\u00edan el equipo. En estas tandas el equipo qued\u00f3 relegado al octavo lugar despu\u00e9s de lograr un punto frente a Catalu\u00f1a. El domingo ya s\u00f3lo pudieron tirar por el s\u00e9ptimo y octavo puesto. Consiguieron el s\u00e9ptimo y definitivo puesto. No pod\u00edan aspirar a mucho m\u00e1s dado que tanto <strong>Daniel<\/strong> como <strong>Jos\u00e9 Antonio<\/strong>, a pesar de que tiraron por encima de sus posibilidades, no tienen el alto nivel que <strong>Carlos<\/strong> va cogiendo de d\u00eda en d\u00eda, que aunque hizo un inmenso campeonato por equipos, \u00e9l s\u00f3lo no pod\u00eda hacer nada contra equipos como Andaluc\u00eda, Arag\u00f3n, Castilla la Mancha, Catalu\u00f1a, etc , que sus tres componentes ten\u00edan un gran nivel.<br \/>\nCon este campeonato acaba la temporada de aire libre en cuanto a campeonatos oficiales. No obstante los zamoranos a\u00fan disputar\u00e1n alg\u00fan torneo nacional veraniego como el prestigioso Torneo de la Coruxa , en Asturias.<\/p>\n<p style=\"text-align: center;\"><a title=\"Fotograf\u00edas del torneo\" href=\"https:\/\/picasaweb.google.com\/106705070378411861359\/CAMPEONATODEESPANAAIRELIBRECAMBRILS2013\" target=\"_blank\">LAS FOTOS<\/a><\/p>\n<div id=\"attachment_872\" style=\"width: 727px\" class=\"wp-caption aligncenter\"><a href=\"http:\/\/www.arqueroszamora.es\/wp-content\/uploads\/2013\/07\/El-equipo-de-castilla-y-Le\u00f3n-en-acci\u00f3n.jpg\" target=\"_blank\"><img loading=\"lazy\" decoding=\"async\" aria-describedby=\"caption-attachment-872\" class=\" wp-image-872 \" alt=\"Equipo de Castilla y Le\u00f3n en acci\u00f3n\" src=\"http:\/\/www.arqueroszamora.es\/wp-content\/uploads\/2013\/07\/El-equipo-de-castilla-y-Le\u00f3n-en-acci\u00f3n-1024x379.jpg\" width=\"717\" height=\"265\" srcset=\"http:\/\/www.arqueroszamora.es\/wp-content\/uploads\/2013\/07\/El-equipo-de-castilla-y-Le\u00f3n-en-acci\u00f3n-1024x379.jpg 1024w, http:\/\/www.arqueroszamora.es\/wp-content\/uploads\/2013\/07\/El-equipo-de-castilla-y-Le\u00f3n-en-acci\u00f3n-300x111.jpg 300w\" sizes=\"auto, (max-width: 717px) 100vw, 717px\" \/><\/a><p id=\"caption-attachment-872\" class=\"wp-caption-text\">Equipo de Castilla y Le\u00f3n en acci\u00f3n<\/p><\/div>\n","protected":false},"excerpt":{"rendered":"<p>El 12, 13 y 14 de julio se celebr\u00f3 en Cambrils el Campeonato de Espa\u00f1a Absoluto y el de Espa\u00f1a por Autonom\u00edas de Aire Libre y en el que participaron los zamoranos del C.D. Arqueros Zamora Reny Picot Carlos Garc\u00eda y Daniel Garc\u00eda, que participaba por primera vez en un campeonato de Espa\u00f1a, entre los\u2026 <span class=\"read-more\"><a href=\"http:\/\/www.arqueroszamora.es\/index.php\/2013\/07\/17\/carlos-garcia-noveno-en-el-campeonato-de-espana-de-tiro-con-arco\/\">Leer m\u00e1s &raquo;<\/a><\/span><\/p>\n","protected":false},"author":1,"featured_media":0,"comment_status":"open","ping_status":"open","sticky":false,"template":"","format":"standard","meta":{"footnotes":""},"categories":[7],"tags":[],"class_list":["post-866","post","type-post","status-publish","format-standard","hentry","category-noticias"],"_links":{"self":[{"href":"http:\/\/www.arqueroszamora.es\/index.php\/wp-json\/wp\/v2\/posts\/866","targetHints":{"allow":["GET"]}}],"collection":[{"href":"http:\/\/www.arqueroszamora.es\/index.php\/wp-json\/wp\/v2\/posts"}],"about":[{"href":"http:\/\/www.arqueroszamora.es\/index.php\/wp-json\/wp\/v2\/types\/post"}],"author":[{"embeddable":true,"href":"http:\/\/www.arqueroszamora.es\/index.php\/wp-json\/wp\/v2\/users\/1"}],"replies":[{"embeddable":true,"href":"http:\/\/www.arqueroszamora.es\/index.php\/wp-json\/wp\/v2\/comments?post=866"}],"version-history":[{"count":0,"href":"http:\/\/www.arqueroszamora.es\/index.php\/wp-json\/wp\/v2\/posts\/866\/revisions"}],"wp:attachment":[{"href":"http:\/\/www.arqueroszamora.es\/index.php\/wp-json\/wp\/v2\/media?parent=866"}],"wp:term":[{"taxonomy":"category","embeddable":true,"href":"http:\/\/www.arqueroszamora.es\/index.php\/wp-json\/wp\/v2\/categories?post=866"},{"taxonomy":"post_tag","embeddable":true,"href":"http:\/\/www.arqueroszamora.es\/index.php\/wp-json\/wp\/v2\/tags?post=866"}],"curies":[{"name":"wp","href":"https:\/\/api.w.org\/{rel}","templated":true}]}}