{"id":884,"date":"2013-08-09T11:04:34","date_gmt":"2013-08-09T09:04:34","guid":{"rendered":"http:\/\/www.arqueroszamora.es\/?p=884"},"modified":"2013-08-09T11:05:43","modified_gmt":"2013-08-09T09:05:43","slug":"buena-actuacion-de-beatriz-manso-en-el-nacional-junior","status":"publish","type":"post","link":"http:\/\/www.arqueroszamora.es\/index.php\/2013\/08\/09\/buena-actuacion-de-beatriz-manso-en-el-nacional-junior\/","title":{"rendered":"BUENA ACTUACI\u00d3N DE BEATRIZ MANSO EN EL NACIONAL JUNIOR"},"content":{"rendered":"<p>Hasta Madrid se desplazaron los dos miembros del <strong>C.D.. Arqueros Zamora Reny Picot<\/strong>, <strong>Beatriz Manso<\/strong>, cadete que se atrevi\u00f3 a medirse en categor\u00eda superior y <strong>Rufino Manso<\/strong>, para disputar el Campeonato Nacional Junior.<\/p>\n<div style=\"width: 303px\" class=\"wp-caption alignleft\"><a title=\"Beatriz Manso Gamazo\" href=\"http:\/\/www.arqueroszamora.es\/wp-content\/uploads\/2013\/08\/BEATRIZ-SE-DISPONE-A-LANZAR-UNA-FLECHA.jpg\" target=\"_blank\"><img loading=\"lazy\" decoding=\"async\" alt=\"Beatriz Manso Gamazo\" src=\"http:\/\/www.arqueroszamora.es\/wp-content\/uploads\/2013\/08\/Beatriz.png\" width=\"293\" height=\"118\" \/><\/a><p class=\"wp-caption-text\">Beatriz Manso<\/p><\/div>\n<p lang=\"es-ES\" align=\"JUSTIFY\">\u00a0El s\u00e1bado fueron las tandas clasificatorias: 72 flechas a 70 m., y en ellas\u00a0<strong>Beatriz<\/strong>\u00a0logr\u00f3 entrar en octavo lugar despu\u00e9s de tener problemas con las plumas de las flechas que le obligaron a cambiarlas hasta en dos ocasiones, lo que hizo que las primeras 36 flechas su marca no fuese muy alta; en cambio las siguientes 36 flechas, con los problemas solventados, consigui\u00f3 303 puntos, muy buenos para meterla en las eliminatorias que se celebrar\u00edan el domingo. En \u00e9stas pas\u00f3 la primera ronda de octavos de final contra la madrile\u00f1a\u00a0<strong>Irene Vicente<\/strong>, a la que venci\u00f3 por un claro 7-3. Los cuartos los disput\u00f3 contra una de las favoritas: la vasca\u00a0<strong>Mirene Etxeberr\u00eda<\/strong>, a la que logr\u00f3 ganarle dos sets y empatar 4-4. En el set definitivo la suerte no se ali\u00f3 con\u00a0<strong>Beatriz<\/strong>\u00a0y sali\u00f3 derrotada quedando definitivamente en 6\u00ba lugar. Un muy buen puesto teniendo en cuenta que no era su categor\u00eda y los problemas que tuvo con las plumas.\u00a0<strong>Beatriz<\/strong>, actual subcampeona de Espa\u00f1a cadete de sala y aire libre, se va afianzando en los puestos de arriba en todos los campeonatos oficiales a los que asiste sean de su categor\u00eda o no.<\/p>\n<p>\u00a0Este campeonato lo ganar\u00eda la madrile\u00f1a\u00a0<strong>Alicia Mar\u00edn<\/strong>, seguida de la valenciana\u00a0<strong>Nerea L\u00f3pez<\/strong>\u00a0y\u00a0<strong>Mirene Etxebarr\u00eda<\/strong>.<\/p>\n<div id=\"attachment_888\" style=\"width: 353px\" class=\"wp-caption alignright\"><a title=\"Rufino Manso\" href=\"http:\/\/www.arqueroszamora.es\/wp-content\/uploads\/2013\/08\/RUFINO-EN-PLENA-ACCI\u00d3N.jpg\" target=\"_blank\"><img loading=\"lazy\" decoding=\"async\" aria-describedby=\"caption-attachment-888\" class=\" wp-image-888 \" alt=\"Rufino Manso\" src=\"http:\/\/www.arqueroszamora.es\/wp-content\/uploads\/2013\/08\/rufino.jpg\" width=\"343\" height=\"133\" srcset=\"http:\/\/www.arqueroszamora.es\/wp-content\/uploads\/2013\/08\/rufino.jpg 477w, http:\/\/www.arqueroszamora.es\/wp-content\/uploads\/2013\/08\/rufino-300x115.jpg 300w\" sizes=\"auto, (max-width: 343px) 100vw, 343px\" \/><\/a><p id=\"caption-attachment-888\" class=\"wp-caption-text\">Rufino Manso<\/p><\/div>\n<p>En la categor\u00eda masculina\u00a0<strong>Rufino Manso<\/strong>\u00a0acud\u00eda sin apenas haber podido entrenar por los estudios. A\u00fan as\u00ed en la ronda\u00a0clasificatoria se colocaba el vig\u00e9simo y acced\u00eda a las eliminatorias de dieciseisavos, que ganaba 6-2 a <strong>Rodrigo Fern\u00e1ndez<\/strong>, de Galicia. En octavos le toc\u00f3 en suerte un hueso duro de roer: el balear <strong>Vicent Ribas<\/strong> con el que termin\u00f3 perdiando aunque logr\u00f3 ganarle un set. Acababa su andadura en este campeonato con un muy buen 9\u00ba puesto.<\/p>\n<p>En hombres el campe\u00f3n fue <strong>Javier Gonz\u00e1lez<\/strong>, de Madrid. Subcampe\u00f3n <strong>Miguel Alvari\u00f1o<\/strong>, de Galicia y bronce el valenciano <strong>Sergio del Olmo<\/strong>.<\/p>\n<p><!--more--><\/p>\n<p>Otra buena actuaci\u00f3n del club zamorano que sigue paulatinamente su ascenso.<\/p>\n<p>&nbsp;<\/p>\n<div id=\"attachment_887\" style=\"width: 331px\" class=\"wp-caption aligncenter\"><a href=\"http:\/\/www.arqueroszamora.es\/wp-content\/uploads\/2013\/08\/LOS-HERMANOS-MANSO-GAMAZO-REPRESENTANTES-DE-ZAMORA-EN-EL-CAMPEONATO.jpg\"><img loading=\"lazy\" decoding=\"async\" aria-describedby=\"caption-attachment-887\" class=\"size-full wp-image-887\" alt=\"Beatriz y Rufino\" src=\"http:\/\/www.arqueroszamora.es\/wp-content\/uploads\/2013\/08\/LOS-HERMANOS-MANSO-GAMAZO-REPRESENTANTES-DE-ZAMORA-EN-EL-CAMPEONATO.jpg\" width=\"321\" height=\"559\" srcset=\"http:\/\/www.arqueroszamora.es\/wp-content\/uploads\/2013\/08\/LOS-HERMANOS-MANSO-GAMAZO-REPRESENTANTES-DE-ZAMORA-EN-EL-CAMPEONATO.jpg 321w, http:\/\/www.arqueroszamora.es\/wp-content\/uploads\/2013\/08\/LOS-HERMANOS-MANSO-GAMAZO-REPRESENTANTES-DE-ZAMORA-EN-EL-CAMPEONATO-172x300.jpg 172w\" sizes=\"auto, (max-width: 321px) 100vw, 321px\" \/><\/a><p id=\"caption-attachment-887\" class=\"wp-caption-text\">Beatriz y Rufino<\/p><\/div>\n<p><a href=\"http:\/\/www.arqueroszamora.es\/wp-content\/uploads\/2013\/08\/Beatriz.png\">\u00a0<\/a><\/p>\n","protected":false},"excerpt":{"rendered":"<p>Hasta Madrid se desplazaron los dos miembros del C.D.. Arqueros Zamora Reny Picot, Beatriz Manso, cadete que se atrevi\u00f3 a medirse en categor\u00eda superior y Rufino Manso, para disputar el Campeonato Nacional Junior. \u00a0El s\u00e1bado fueron las tandas clasificatorias: 72 flechas a 70 m., y en ellas\u00a0Beatriz\u00a0logr\u00f3 entrar en octavo lugar despu\u00e9s de tener problemas\u2026 <span class=\"read-more\"><a href=\"http:\/\/www.arqueroszamora.es\/index.php\/2013\/08\/09\/buena-actuacion-de-beatriz-manso-en-el-nacional-junior\/\">Leer m\u00e1s &raquo;<\/a><\/span><\/p>\n","protected":false},"author":1,"featured_media":0,"comment_status":"open","ping_status":"open","sticky":false,"template":"","format":"standard","meta":{"footnotes":""},"categories":[4,7],"tags":[],"class_list":["post-884","post","type-post","status-publish","format-standard","hentry","category-competiciones","category-noticias"],"_links":{"self":[{"href":"http:\/\/www.arqueroszamora.es\/index.php\/wp-json\/wp\/v2\/posts\/884","targetHints":{"allow":["GET"]}}],"collection":[{"href":"http:\/\/www.arqueroszamora.es\/index.php\/wp-json\/wp\/v2\/posts"}],"about":[{"href":"http:\/\/www.arqueroszamora.es\/index.php\/wp-json\/wp\/v2\/types\/post"}],"author":[{"embeddable":true,"href":"http:\/\/www.arqueroszamora.es\/index.php\/wp-json\/wp\/v2\/users\/1"}],"replies":[{"embeddable":true,"href":"http:\/\/www.arqueroszamora.es\/index.php\/wp-json\/wp\/v2\/comments?post=884"}],"version-history":[{"count":0,"href":"http:\/\/www.arqueroszamora.es\/index.php\/wp-json\/wp\/v2\/posts\/884\/revisions"}],"wp:attachment":[{"href":"http:\/\/www.arqueroszamora.es\/index.php\/wp-json\/wp\/v2\/media?parent=884"}],"wp:term":[{"taxonomy":"category","embeddable":true,"href":"http:\/\/www.arqueroszamora.es\/index.php\/wp-json\/wp\/v2\/categories?post=884"},{"taxonomy":"post_tag","embeddable":true,"href":"http:\/\/www.arqueroszamora.es\/index.php\/wp-json\/wp\/v2\/tags?post=884"}],"curies":[{"name":"wp","href":"https:\/\/api.w.org\/{rel}","templated":true}]}}