{"id":901,"date":"2013-08-09T11:24:21","date_gmt":"2013-08-09T09:24:21","guid":{"rendered":"http:\/\/www.arqueroszamora.es\/?p=901"},"modified":"2013-08-09T11:48:17","modified_gmt":"2013-08-09T09:48:17","slug":"beatriz-manso-gana-el-trofeo-corvera","status":"publish","type":"post","link":"http:\/\/www.arqueroszamora.es\/index.php\/2013\/08\/09\/beatriz-manso-gana-el-trofeo-corvera\/","title":{"rendered":"BEATRIZ MANSO GANA EL TROFEO CORVERA."},"content":{"rendered":"<p style=\"text-align: center;\"><a href=\"http:\/\/www.arqueroszamora.es\/wp-content\/uploads\/2013\/08\/BEATRIZ-EN-EL-PODIO-DE-ARCO-RECURVO.jpg\" target=\"_blank\"><img loading=\"lazy\" decoding=\"async\" class=\"aligncenter  wp-image-902\" alt=\"BEATRIZ EN EL PODIO DE ARCO RECURVO\" src=\"http:\/\/www.arqueroszamora.es\/wp-content\/uploads\/2013\/08\/BEATRIZ-EN-EL-PODIO-DE-ARCO-RECURVO.jpg\" width=\"576\" height=\"432\" srcset=\"http:\/\/www.arqueroszamora.es\/wp-content\/uploads\/2013\/08\/BEATRIZ-EN-EL-PODIO-DE-ARCO-RECURVO.jpg 800w, http:\/\/www.arqueroszamora.es\/wp-content\/uploads\/2013\/08\/BEATRIZ-EN-EL-PODIO-DE-ARCO-RECURVO-300x225.jpg 300w\" sizes=\"auto, (max-width: 576px) 100vw, 576px\" \/><\/a><\/p>\n<p>La Zamorana del <strong>C.D.Arqueros Zamora Reny Picot<\/strong> se hizo con el triunfo en el prestigioso torneo veraniego que se celebr\u00f3 en Corvera , Asturias, este fin de semana, y al que acuden tiradores de toda Espa\u00f1a.<\/p>\n<p><a href=\"http:\/\/www.arqueroszamora.es\/wp-content\/uploads\/2013\/08\/CARLOS-Y-DANIEL-EN-ACCI\u00d3N.jpg\"><img loading=\"lazy\" decoding=\"async\" class=\"alignleft  wp-image-914\" alt=\"CARLOS Y DANIEL EN ACCI\u00d3N\" src=\"http:\/\/www.arqueroszamora.es\/wp-content\/uploads\/2013\/08\/CARLOS-Y-DANIEL-EN-ACCI\u00d3N-187x300.jpg\" width=\"150\" height=\"240\" srcset=\"http:\/\/www.arqueroszamora.es\/wp-content\/uploads\/2013\/08\/CARLOS-Y-DANIEL-EN-ACCI\u00d3N-187x300.jpg 187w, http:\/\/www.arqueroszamora.es\/wp-content\/uploads\/2013\/08\/CARLOS-Y-DANIEL-EN-ACCI\u00d3N.jpg 300w\" sizes=\"auto, (max-width: 150px) 100vw, 150px\" \/><\/a>El evento estuvo organizado extraordinariamente bien por el <strong>Club Arcoastur<\/strong>, quien ya tiene acostumbrados a los participantes a encontrarse con un ambiente muy bueno y que es la garant\u00eda del \u00e9xito organizativo y participativo del a\u00f1o siguiente.<\/p>\n<p>Junto al embalse de Trasona, uno de los campos de tiro m\u00e1s bonitos, <strong>Beatriz<\/strong>, a pesar de ser cadete, lidi\u00f3 perfectamente con contrincantes senior. La clasificataria la gan\u00f3 y era de esperar que en las eliminatorias llegara lejos. Esas eliminatorias las fue ganando hasta enfrentarse en la final a la asturiana <strong>Marina<\/strong>, a quien gan\u00f3 holgadamente tambi\u00e9n consiguiendo as\u00ed, por primera vez, un gran torneo en categor\u00eda senior.<\/p>\n<p>En esta competici\u00f3n estuvieron presentes adem\u00e1s <strong>Carlos Garc\u00eda<\/strong>, <strong>Ramiro Portales,<\/strong> <strong>Daniel Garc\u00eda<\/strong>, <strong>Mati Pe\u00f1a<\/strong>, <strong>\u00c1ngel Salvador<\/strong> y <strong>Rufino Manso<\/strong>. A \u00e9stos la suerte no les acompa\u00f1\u00f3 y la mejor posici\u00f3n fue para <strong>Mati<\/strong> que alcanz\u00f3 el 5\u00ba puesto en arco compuesto a pesar de hacer su mejor marca en la clasificatoria. <strong>Carlos y Daniel<\/strong> se conformaron con el noveno puesto en una competici\u00f3n muy re\u00f1ida y con un nivel muy alto en arco compuesto masculino. <strong>Ramiro<\/strong> tambi\u00e9n ser\u00eda 9\u00ba, <strong>Rufino<\/strong> el 17\u00ba y <strong>\u00c1ngel<\/strong> el 33\u00ba.<\/p>\n<p>La competici\u00f3n acab\u00f3, como es habitual, con una comida de confraternizaci\u00f3n.<\/p>\n<p style=\"text-align: center;\"><a href=\"https:\/\/picasaweb.google.com\/106705070378411861359\/ARCOASTUR2013\" target=\"_blank\">Fotograf\u00edas del torneo<\/a><\/p>\n<div style=\"width: 442px\" class=\"wp-caption aligncenter\"><a href=\"http:\/\/www.arqueroszamora.es\/wp-content\/uploads\/2013\/08\/ZAMORANOS-CON-ANTONIO-V\u00c1ZQUEZ-EL-DECANO-DE-LOS-JUECES.jpg\" target=\"_blank\"><img loading=\"lazy\" decoding=\"async\" alt=\"Participantes zamoranos con Antonio V\u00e1zquez\" src=\"http:\/\/www.arqueroszamora.es\/wp-content\/uploads\/2013\/08\/ZAMORANOS-CON-ANTONIO-V\u00c1ZQUEZ-EL-DECANO-DE-LOS-JUECES.jpg\" width=\"432\" height=\"338\" \/><\/a><p class=\"wp-caption-text\">Participantes zamoranos con Antonio V\u00e1zquez, el decano de los jueces.<\/p><\/div>\n","protected":false},"excerpt":{"rendered":"<p>La Zamorana del C.D.Arqueros Zamora Reny Picot se hizo con el triunfo en el prestigioso torneo veraniego que se celebr\u00f3 en Corvera , Asturias, este fin de semana, y al que acuden tiradores de toda Espa\u00f1a. El evento estuvo organizado extraordinariamente bien por el Club Arcoastur, quien ya tiene acostumbrados a los participantes a encontrarse\u2026 <span class=\"read-more\"><a href=\"http:\/\/www.arqueroszamora.es\/index.php\/2013\/08\/09\/beatriz-manso-gana-el-trofeo-corvera\/\">Leer m\u00e1s &raquo;<\/a><\/span><\/p>\n","protected":false},"author":1,"featured_media":0,"comment_status":"open","ping_status":"open","sticky":false,"template":"","format":"standard","meta":{"footnotes":""},"categories":[7],"tags":[],"class_list":["post-901","post","type-post","status-publish","format-standard","hentry","category-noticias"],"_links":{"self":[{"href":"http:\/\/www.arqueroszamora.es\/index.php\/wp-json\/wp\/v2\/posts\/901","targetHints":{"allow":["GET"]}}],"collection":[{"href":"http:\/\/www.arqueroszamora.es\/index.php\/wp-json\/wp\/v2\/posts"}],"about":[{"href":"http:\/\/www.arqueroszamora.es\/index.php\/wp-json\/wp\/v2\/types\/post"}],"author":[{"embeddable":true,"href":"http:\/\/www.arqueroszamora.es\/index.php\/wp-json\/wp\/v2\/users\/1"}],"replies":[{"embeddable":true,"href":"http:\/\/www.arqueroszamora.es\/index.php\/wp-json\/wp\/v2\/comments?post=901"}],"version-history":[{"count":0,"href":"http:\/\/www.arqueroszamora.es\/index.php\/wp-json\/wp\/v2\/posts\/901\/revisions"}],"wp:attachment":[{"href":"http:\/\/www.arqueroszamora.es\/index.php\/wp-json\/wp\/v2\/media?parent=901"}],"wp:term":[{"taxonomy":"category","embeddable":true,"href":"http:\/\/www.arqueroszamora.es\/index.php\/wp-json\/wp\/v2\/categories?post=901"},{"taxonomy":"post_tag","embeddable":true,"href":"http:\/\/www.arqueroszamora.es\/index.php\/wp-json\/wp\/v2\/tags?post=901"}],"curies":[{"name":"wp","href":"https:\/\/api.w.org\/{rel}","templated":true}]}}