{"id":956,"date":"2013-10-05T09:14:08","date_gmt":"2013-10-05T07:14:08","guid":{"rendered":"http:\/\/www.arqueroszamora.es\/?p=956"},"modified":"2013-10-05T09:14:08","modified_gmt":"2013-10-05T07:14:08","slug":"curso-de-monitor-rfeta-y-curso-de-reciclaje","status":"publish","type":"post","link":"http:\/\/www.arqueroszamora.es\/index.php\/2013\/10\/05\/curso-de-monitor-rfeta-y-curso-de-reciclaje\/","title":{"rendered":"CURSO DE MONITOR RFETA Y CURSO DE RECICLAJE"},"content":{"rendered":"<p style=\"text-align: center;\"><a href=\"http:\/\/www.arqueroszamora.es\/wp-content\/uploads\/2012\/09\/logoFETA.png\"><img loading=\"lazy\" decoding=\"async\" class=\"wp-image-442 alignleft\" alt=\"esc_FTACyL\" src=\"http:\/\/www.arqueroszamora.es\/wp-content\/uploads\/2013\/01\/esc_FTACyL.gif\" width=\"105\" height=\"96\" \/><img loading=\"lazy\" decoding=\"async\" class=\"size-full wp-image-62 alignright\" alt=\"Logo Federacion Espa\u00f1ola Tiro con ARco\" src=\"http:\/\/www.arqueroszamora.es\/wp-content\/uploads\/2012\/09\/logoFETA.png\" width=\"125\" height=\"109\" \/><\/a><\/p>\n<p style=\"text-align: center;\">\n<p style=\"text-align: center;\">\n<p style=\"text-align: center;\">La RFETA, en colaboraci\u00f3n con la Federaci\u00f3n de Castilla y Le\u00f3n, convoca el Curso de Monitores 2013 de iniciaci\u00f3n que servir\u00e1 para la obtenci\u00f3n de la licencia de Monitor de la RFETA y reciclajes de la misma, siempre que se abonen los derechos de asistencia y examen determinados en el apartado correspondiente.<\/p>\n<p style=\"text-align: center;\">\n<p style=\"text-align: center;\">El curso constar\u00e1 de dos partes. La primera, ser\u00e1 te\u00f3rica de desarrollo presencial con la carga lectiva que se indica en el punto 2, la cual finalizar\u00e1 con un examen te\u00f3rico de preguntas con respuesta alternativa. Por otra parte, y una vez superado tanto la asistencia como el examen te\u00f3rico, los alumnos realizar\u00e1n un trabajo pr\u00e1ctico sobre la planificaci\u00f3n de un curso de iniciaci\u00f3n; una vez superado este trabajo pr\u00e1ctico, los alumnos realizar\u00e1n pr\u00e1cticas en un curso de iniciaci\u00f3n de treinta horas m\u00e1ximas de duraci\u00f3n, bajo la direcci\u00f3n de un tutor que, necesariamente, habr\u00e1 de ser un Entrenador o un Monitor aceptado por el Comit\u00e9 de Monitores de la RFETA. Las treinta horas pr\u00e1cticas tendr\u00e1n lugar en un periodo no inferior a dos meses ni superior a cuatro.<\/p>\n<p style=\"text-align: center;\"><a href=\"http:\/\/www.arqueroszamora.es\/wp-content\/uploads\/2013\/10\/Convocatoria-Monitores.pdf\" target=\"_blank\">M\u00c1S INFORMACI\u00d3N<\/a><\/p>\n","protected":false},"excerpt":{"rendered":"<p>La RFETA, en colaboraci\u00f3n con la Federaci\u00f3n de Castilla y Le\u00f3n, convoca el Curso de Monitores 2013 de iniciaci\u00f3n que servir\u00e1 para la obtenci\u00f3n de la licencia de Monitor de la RFETA y reciclajes de la misma, siempre que se abonen los derechos de asistencia y examen determinados en el apartado correspondiente. El curso constar\u00e1\u2026 <span class=\"read-more\"><a href=\"http:\/\/www.arqueroszamora.es\/index.php\/2013\/10\/05\/curso-de-monitor-rfeta-y-curso-de-reciclaje\/\">Leer m\u00e1s &raquo;<\/a><\/span><\/p>\n","protected":false},"author":1,"featured_media":0,"comment_status":"open","ping_status":"open","sticky":false,"template":"","format":"standard","meta":{"footnotes":""},"categories":[7],"tags":[],"class_list":["post-956","post","type-post","status-publish","format-standard","hentry","category-noticias"],"_links":{"self":[{"href":"http:\/\/www.arqueroszamora.es\/index.php\/wp-json\/wp\/v2\/posts\/956","targetHints":{"allow":["GET"]}}],"collection":[{"href":"http:\/\/www.arqueroszamora.es\/index.php\/wp-json\/wp\/v2\/posts"}],"about":[{"href":"http:\/\/www.arqueroszamora.es\/index.php\/wp-json\/wp\/v2\/types\/post"}],"author":[{"embeddable":true,"href":"http:\/\/www.arqueroszamora.es\/index.php\/wp-json\/wp\/v2\/users\/1"}],"replies":[{"embeddable":true,"href":"http:\/\/www.arqueroszamora.es\/index.php\/wp-json\/wp\/v2\/comments?post=956"}],"version-history":[{"count":0,"href":"http:\/\/www.arqueroszamora.es\/index.php\/wp-json\/wp\/v2\/posts\/956\/revisions"}],"wp:attachment":[{"href":"http:\/\/www.arqueroszamora.es\/index.php\/wp-json\/wp\/v2\/media?parent=956"}],"wp:term":[{"taxonomy":"category","embeddable":true,"href":"http:\/\/www.arqueroszamora.es\/index.php\/wp-json\/wp\/v2\/categories?post=956"},{"taxonomy":"post_tag","embeddable":true,"href":"http:\/\/www.arqueroszamora.es\/index.php\/wp-json\/wp\/v2\/tags?post=956"}],"curies":[{"name":"wp","href":"https:\/\/api.w.org\/{rel}","templated":true}]}}